{"id":36403,"date":"2020-07-21T08:00:40","date_gmt":"2020-07-21T14:00:40","guid":{"rendered":"http:\/\/www.radiodigitaltamazunchale.com\/landing\/?p=36403"},"modified":"2020-07-21T08:00:41","modified_gmt":"2020-07-21T14:00:41","slug":"examen-de-ingreso-a-la-unam-sera-presencial-y-bajo-estrictas-medidas-sanitarias","status":"publish","type":"post","link":"http:\/\/www.radiodigitaltamazunchale.com\/landing\/uncategorized\/examen-de-ingreso-a-la-unam-sera-presencial-y-bajo-estrictas-medidas-sanitarias\/","title":{"rendered":"EXAMEN DE INGRESO A LA UNAM SER\u00c1 PRESENCIAL Y BAJO ESTRICTAS MEDIDAS SANITARIAS"},"content":{"rendered":"\n<p>\u00abEl derecho a la educaci\u00f3n y al ingreso a nuestra casa de estudios debe garantizar la seguridad de la identidad de los sustentantes y la igualdad de oportunidades al contestar los ex\u00e1menes\u00bb, inform\u00f3 la UNAM.<\/p>\n\n\n\n<p>La Universidad Nacional Aut\u00f3noma de M\u00e9xico (UNAM) inform\u00f3 que los ex\u00e1menes de ingreso a educaci\u00f3n superior y media superior ser\u00e1n aplicados de manera presencial, bajo&nbsp;<strong>estrictas medidas sanitarias y de sana distancia<\/strong>&nbsp;debido a la pandemia del Covid-19.<\/p>\n\n\n\n<p>\u201cLas fechas y sitios de aplicaci\u00f3n de estos ex\u00e1menes se dar\u00e1n a conocer con toda oportunidad a las y los aspirantes registrados\u201d, se\u00f1al\u00f3 la UNAM.<\/p>\n\n\n\n<p>La instituci\u00f3n detall\u00f3 que debido al elevado n\u00famero de aspirantes, la modalidad presencial es la que&nbsp;<strong>asegura equidad, certeza y transparencia.<\/strong>&nbsp;Adem\u00e1s, se\u00f1al\u00f3 que la COMIPEMS, as\u00ed como el Ceneval, mostraron plena coincidencia con este criterio.<\/p>\n\n\n\n<p>\u201cEsta decisi\u00f3n se tom\u00f3 tras evaluar todas las posibilidades existentes teniendo en cuenta que el derecho a la educaci\u00f3n y al ingreso a nuestra casa de estudios debe garantizar la seguridad de la identidad de los sustentantes y&nbsp;<strong>la igualdad de oportunidades al contestar los ex\u00e1menes<\/strong>\u201c, inform\u00f3 la UNAM este martes a trav\u00e9s de un bolet\u00edn.<\/p>\n\n\n\n<p>La UNAM reconoci\u00f3 que si bien es cierto que algunas universidades de M\u00e9xico, as\u00ed como de otros pa\u00edses, han optado por implementar los ex\u00e1menes en l\u00ednea en el marco de la pandemia del Covid-19, \u00e9sta no es una opci\u00f3n para la instituci\u00f3n pues&nbsp;<strong>favorecer\u00eda a aquellos aspirantes con mayores oportunidades de conexi\u00f3n a internet<\/strong>&nbsp;y ampliar\u00eda la brecha de la desigualdad social en la educaci\u00f3n media superior y superior.<\/p>\n\n\n\n<p>El pasado 14 de julio, la UNAM anunci\u00f3 que debido a la pandemia aplazar\u00eda el examen de ingreso a la licenciatura el cual estaba programado del&nbsp;<strong>22 de julio al 2 de agosto.&nbsp;<\/strong><\/p>\n","protected":false},"excerpt":{"rendered":"<p>\u00abEl derecho a la educaci\u00f3n y al ingreso a nuestra casa de estudios debe garantizar la seguridad de la identidad<\/p>\n","protected":false},"author":2,"featured_media":36404,"comment_status":"open","ping_status":"open","sticky":false,"template":"","format":"standard","meta":[],"categories":[1],"tags":[],"_links":{"self":[{"href":"http:\/\/www.radiodigitaltamazunchale.com\/landing\/wp-json\/wp\/v2\/posts\/36403"}],"collection":[{"href":"http:\/\/www.radiodigitaltamazunchale.com\/landing\/wp-json\/wp\/v2\/posts"}],"about":[{"href":"http:\/\/www.radiodigitaltamazunchale.com\/landing\/wp-json\/wp\/v2\/types\/post"}],"author":[{"embeddable":true,"href":"http:\/\/www.radiodigitaltamazunchale.com\/landing\/wp-json\/wp\/v2\/users\/2"}],"replies":[{"embeddable":true,"href":"http:\/\/www.radiodigitaltamazunchale.com\/landing\/wp-json\/wp\/v2\/comments?post=36403"}],"version-history":[{"count":1,"href":"http:\/\/www.radiodigitaltamazunchale.com\/landing\/wp-json\/wp\/v2\/posts\/36403\/revisions"}],"predecessor-version":[{"id":36405,"href":"http:\/\/www.radiodigitaltamazunchale.com\/landing\/wp-json\/wp\/v2\/posts\/36403\/revisions\/36405"}],"wp:featuredmedia":[{"embeddable":true,"href":"http:\/\/www.radiodigitaltamazunchale.com\/landing\/wp-json\/wp\/v2\/media\/36404"}],"wp:attachment":[{"href":"http:\/\/www.radiodigitaltamazunchale.com\/landing\/wp-json\/wp\/v2\/media?parent=36403"}],"wp:term":[{"taxonomy":"category","embeddable":true,"href":"http:\/\/www.radiodigitaltamazunchale.com\/landing\/wp-json\/wp\/v2\/categories?post=36403"},{"taxonomy":"post_tag","embeddable":true,"href":"http:\/\/www.radiodigitaltamazunchale.com\/landing\/wp-json\/wp\/v2\/tags?post=36403"}],"curies":[{"name":"wp","href":"https:\/\/api.w.org\/{rel}","templated":true}]}}