{"id":36453,"date":"2020-07-19T18:12:00","date_gmt":"2020-07-20T00:12:00","guid":{"rendered":"http:\/\/www.radiodigitaltamazunchale.com\/landing\/?p=36453"},"modified":"2020-07-21T18:13:23","modified_gmt":"2020-07-22T00:13:23","slug":"positivas-las-reformas-al-codigo-penal-para-incluir-el-capitulo-lesiones-cometidas-contra-la-mujer-en-razon-de-su-genero","status":"publish","type":"post","link":"http:\/\/www.radiodigitaltamazunchale.com\/landing\/uncategorized\/positivas-las-reformas-al-codigo-penal-para-incluir-el-capitulo-lesiones-cometidas-contra-la-mujer-en-razon-de-su-genero\/","title":{"rendered":"POSITIVAS LAS REFORMAS AL C\u00d3DIGO PENAL PARA INCLUIR EL CAP\u00cdTULO LESIONES COMETIDAS CONTRA LA MUJER EN RAZ\u00d3N DE SU G\u00c9NERO."},"content":{"rendered":"\n<p><strong>CONTEMPLA QUE AL QUE CAUSE LESIONES A UNA MUJER EN RAZ\u00d3N DE SU G\u00c9NERO SE LE IMPONDR\u00c1 PENA DE SIETE A CATORCE A\u00d1OS DE PRISI\u00d3N.<\/strong><\/p>\n\n\n\n<p><strong>LA INICIATIVA SE APROB\u00d3 EN COMISI\u00d3N DE JUSTICIA: IMPORTANTE QUE EN EL PLENO LA RESPALDE LA MAYOR\u00cdA DE LAS DIPUTADAS Y LOS DIPUTADOS: DIP. PAOLA ARREOLA NIETO.<\/strong><\/p>\n\n\n\n<p>La diputada Paola Arreola Nieto celebr\u00f3 la aprobaci\u00f3n en la Comisi\u00f3n de Justicia, de la cual es vicepresidenta, la iniciativa ciudadana para la adici\u00f3n al C\u00f3digo Penal del Estado de un cap\u00edtulo 3 BIS \u00abLesiones cometidas contra la mujer en raz\u00f3n de su g\u00e9nero\u00bb, al Titulo &nbsp;de los Delitos contra la Vida y la integridad corporal, misma &nbsp;que integra entre otras, sanciones espec\u00edficas para quien provoque lesiones mediante \u00e1cidos o sustancias corrosivas a la mujer.<\/p>\n\n\n\n<p>Reafirm\u00f3 que la LXII Legislatura ha trabajado en reformas a la legislaci\u00f3n que permitan brindar protecci\u00f3n, prevenci\u00f3n y sanci\u00f3n de actos de violencia en contra de las mujeres, problem\u00e1tica que se extiende a todas las zonas del estado.<\/p>\n\n\n\n<p>\u201cHemos trabajado en legislar por la protecci\u00f3n de las mujeres, as\u00ed como las sanci\u00f3n de la violencia en raz\u00f3n de g\u00e9nero; como mujer me doy cuenta que en los recorridos de mi municipio, Soledad de Graciano S\u00e1nchez en las visitas que hago en otros lugares ha sido complicado el tema de la violencia en contra de las mujeres, es por eso que quiero destacar la iniciativa ciudadana que aprobamos en la Comisi\u00f3n de Justicia que incorpora al C\u00f3digo Penal del Estado un cap\u00edtulo relativo a las lesiones cometidas contra la mujer en raz\u00f3n de g\u00e9nero\u201d.<\/p>\n\n\n\n<p>La reforma busca tipificar los delitos cometidos en contra de la mujer en raz\u00f3n de su g\u00e9nero, estableciendo &nbsp;en el art\u00edculo 142 BIS: \u00abAl que cause lesiones a una mujer en raz\u00f3n de su g\u00e9nero se le impondr\u00e1 pena de siete a catorce a\u00f1os de prisi\u00f3n. Se considera que existen razones de g\u00e9nero, cuando concurra alguna de las siguientes circunstancias:<br><br><\/p>\n\n\n\n<p>I. Que las lesiones causadas sean infamantes, degradantes o una mutilaci\u00f3n.<br><br><\/p>\n\n\n\n<p>II. Que previo a la lesi\u00f3n infringida existan datos que establezcan que se han cometido amenazas, acoso o violencia del sujeto activo contra la v\u00edctima.<br><br><\/p>\n\n\n\n<p>Si entre el sujeto activo y la v\u00edctima existi\u00f3 una relaci\u00f3n sentimental, afectiva o de confianza; de parentesco, laboral, docente o cualquiera que implique subordinaci\u00f3n o superioridad y se acredita que en virtud de esa relaci\u00f3n fueron infringidas las lesiones infamantes, degradantes o mutilaciones, se impondr\u00e1n de nueve a dieciocho a\u00f1os de prisi\u00f3n.<br><br><\/p>\n\n\n\n<p>Art\u00edculo 142 TER. Las penas previstas en el art\u00edculo anterior se aumentar\u00e1n en dos tercios en los siguientes casos:<br>I. Cuando las lesiones sean provocadas mediante el empleo de \u00e1cidos o substancias corrosivas.<\/p>\n\n\n\n<p><br>II. Cuando las lesiones sean provocadas en los \u00f3rganos genitales femeninos o en las mamas, excluyendo aquellas que sean consecuencia de llevar a cabo un procedimiento m\u00e9dico por motivos de salud.<br><br><\/p>\n\n\n\n<p>\u201cAqu\u00ed estamos nosotros incorporando en nuestro C\u00f3digo Penal esta figura importante, porque hemos escuchado muchos casos donde se agreden a las mujeres para desfigurar su rostro y para causarles da\u00f1o en su cuerpo a trav\u00e9s de \u00e1cidos y es una situaci\u00f3n muy dolorosa para las mujeres, y yo celebro que esto se pueda lograr en la Comisi\u00f3n de Justicia y posteriormente en el pleno\u201d.<\/p>\n","protected":false},"excerpt":{"rendered":"<p>CONTEMPLA QUE AL QUE CAUSE LESIONES A UNA MUJER EN RAZ\u00d3N DE SU G\u00c9NERO SE LE IMPONDR\u00c1 PENA DE SIETE<\/p>\n","protected":false},"author":1,"featured_media":36454,"comment_status":"open","ping_status":"open","sticky":false,"template":"","format":"standard","meta":[],"categories":[1],"tags":[],"_links":{"self":[{"href":"http:\/\/www.radiodigitaltamazunchale.com\/landing\/wp-json\/wp\/v2\/posts\/36453"}],"collection":[{"href":"http:\/\/www.radiodigitaltamazunchale.com\/landing\/wp-json\/wp\/v2\/posts"}],"about":[{"href":"http:\/\/www.radiodigitaltamazunchale.com\/landing\/wp-json\/wp\/v2\/types\/post"}],"author":[{"embeddable":true,"href":"http:\/\/www.radiodigitaltamazunchale.com\/landing\/wp-json\/wp\/v2\/users\/1"}],"replies":[{"embeddable":true,"href":"http:\/\/www.radiodigitaltamazunchale.com\/landing\/wp-json\/wp\/v2\/comments?post=36453"}],"version-history":[{"count":1,"href":"http:\/\/www.radiodigitaltamazunchale.com\/landing\/wp-json\/wp\/v2\/posts\/36453\/revisions"}],"predecessor-version":[{"id":36455,"href":"http:\/\/www.radiodigitaltamazunchale.com\/landing\/wp-json\/wp\/v2\/posts\/36453\/revisions\/36455"}],"wp:featuredmedia":[{"embeddable":true,"href":"http:\/\/www.radiodigitaltamazunchale.com\/landing\/wp-json\/wp\/v2\/media\/36454"}],"wp:attachment":[{"href":"http:\/\/www.radiodigitaltamazunchale.com\/landing\/wp-json\/wp\/v2\/media?parent=36453"}],"wp:term":[{"taxonomy":"category","embeddable":true,"href":"http:\/\/www.radiodigitaltamazunchale.com\/landing\/wp-json\/wp\/v2\/categories?post=36453"},{"taxonomy":"post_tag","embeddable":true,"href":"http:\/\/www.radiodigitaltamazunchale.com\/landing\/wp-json\/wp\/v2\/tags?post=36453"}],"curies":[{"name":"wp","href":"https:\/\/api.w.org\/{rel}","templated":true}]}}