{"id":36466,"date":"2020-07-22T08:55:53","date_gmt":"2020-07-22T14:55:53","guid":{"rendered":"http:\/\/www.radiodigitaltamazunchale.com\/landing\/?p=36466"},"modified":"2020-07-22T08:56:00","modified_gmt":"2020-07-22T14:56:00","slug":"confirma-amlo-regreso-a-mexico-del-avion-presidencial","status":"publish","type":"post","link":"http:\/\/www.radiodigitaltamazunchale.com\/landing\/uncategorized\/confirma-amlo-regreso-a-mexico-del-avion-presidencial\/","title":{"rendered":"Confirma AMLO regreso a M\u00e9xico del Avi\u00f3n Presidencial"},"content":{"rendered":"\n<p>Tras 19 meses en espera de su venta y de su estancia en California, el Avi\u00f3n Presidencial llegar\u00e1 este mi\u00e9rcoles al AICM<\/p>\n\n\n\n<p><strong>ndr\u00e9s Manuel L\u00f3pez Obrador<\/strong>, presidente de M\u00e9xico, confirm\u00f3 que en las pr\u00f3ximas horas\u00a0<strong>regresar\u00e1<\/strong>\u00a0al pa\u00eds el\u00a0<strong>avi\u00f3n presidencial \u00a0TP01 Boeing 787-8 \u201cJos\u00e9 Maria Morelos y Pav\u00f3n\u201d.<\/strong><\/p>\n\n\n\n<p>Tras 19 meses en espera de su venta en el hangar de la compa\u00f1\u00eda&nbsp;<strong>Boeing<\/strong>&nbsp;en&nbsp;<strong>California<\/strong>, la aeronave volar\u00e1 al&nbsp;<strong>Aeropuerto Internacional de la Ciudad de M\u00e9xico<\/strong>&nbsp;y quedar\u00e1 bajo custodia de la&nbsp;<strong>Fuerza A\u00e9rea Mexicana<\/strong>.<\/p>\n\n\n\n<p>El 3 de diciembre de 2018, dos d\u00edas despu\u00e9s de haber asumido la presidencia de M\u00e9xico,&nbsp;<strong>L\u00f3pez Obrador<\/strong>&nbsp;cumpli\u00f3 su promesa de campa\u00f1a al poner en venta el avi\u00f3n de su antecesor,&nbsp;<strong>Enrique Pe\u00f1a Nieto<\/strong>, por considerarlo un \u201clujo excesivo\u201d.<\/p>\n\n\n\n<p>Desde que estaba como candidato a la presidencia, el ahora mandatario anunci\u00f3 que no usar\u00eda el avi\u00f3n, que tuvo un costo de unos 218 millones de d\u00f3lares, porque hacerlo era \u201cuna ofensa para el pueblo\u201d.<\/p>\n\n\n\n<p><strong>L\u00f3pez Obrador<\/strong>&nbsp;opt\u00f3 por viajar en aerol\u00edneas comerciales para su giras de trabajo en el pa\u00eds y en su primer viaje al extranjero hace dos semanas, cuando vol\u00f3 a Estados Unidos para reunirse con&nbsp;<strong>Donald Trump<\/strong>.<\/p>\n\n\n\n<p>El\u00a0<strong>Gobierno de M\u00e9xico<\/strong>\u00a0inform\u00f3 la semana pasada que tiene sobre la mesa una \u201cs\u00f3lida oferta\u201d de compra de 120 millones de d\u00f3lares \u201cen efectivo\u201d por el avi\u00f3n presidencial.<br>Seg\u00fan las autoridades, estaban pendientes algunas inspecciones t\u00e9cnicas para la venta de la aeronave y, en caso de que no se cerrara la transacci\u00f3n, exist\u00edan otras dos ofertas sobre la mesa.<\/p>\n\n\n\n<p>Ante la dificultad de vender la aeronave,&nbsp;<strong>L\u00f3pez Obrador<\/strong>&nbsp;lleg\u00f3 a pensar en sortearlo, pero finalmente opt\u00f3 por convocar una rifa con un premio equivalente al precio del avi\u00f3n.&nbsp; Dicho&nbsp;sorteo tendr\u00e1 lugar el 15 de septiembre y repartir\u00e1 100 premios con un valor total de dos mil millones de pesos.<\/p>\n\n\n\n<p>La aeronave fue adquirida en 2012 por el expresidente Felipe Calder\u00f3n (2006-2012), aunque no lleg\u00f3 a M\u00e9xico hasta febrero de 2016, bajo la presidencia de Pe\u00f1a Nieto (2012-2018) y entre cr\u00edticas por su alto costo.<\/p>\n","protected":false},"excerpt":{"rendered":"<p>Tras 19 meses en espera de su venta y de su estancia en California, el Avi\u00f3n Presidencial llegar\u00e1 este mi\u00e9rcoles<\/p>\n","protected":false},"author":2,"featured_media":36467,"comment_status":"open","ping_status":"open","sticky":false,"template":"","format":"standard","meta":[],"categories":[1],"tags":[],"_links":{"self":[{"href":"http:\/\/www.radiodigitaltamazunchale.com\/landing\/wp-json\/wp\/v2\/posts\/36466"}],"collection":[{"href":"http:\/\/www.radiodigitaltamazunchale.com\/landing\/wp-json\/wp\/v2\/posts"}],"about":[{"href":"http:\/\/www.radiodigitaltamazunchale.com\/landing\/wp-json\/wp\/v2\/types\/post"}],"author":[{"embeddable":true,"href":"http:\/\/www.radiodigitaltamazunchale.com\/landing\/wp-json\/wp\/v2\/users\/2"}],"replies":[{"embeddable":true,"href":"http:\/\/www.radiodigitaltamazunchale.com\/landing\/wp-json\/wp\/v2\/comments?post=36466"}],"version-history":[{"count":1,"href":"http:\/\/www.radiodigitaltamazunchale.com\/landing\/wp-json\/wp\/v2\/posts\/36466\/revisions"}],"predecessor-version":[{"id":36468,"href":"http:\/\/www.radiodigitaltamazunchale.com\/landing\/wp-json\/wp\/v2\/posts\/36466\/revisions\/36468"}],"wp:featuredmedia":[{"embeddable":true,"href":"http:\/\/www.radiodigitaltamazunchale.com\/landing\/wp-json\/wp\/v2\/media\/36467"}],"wp:attachment":[{"href":"http:\/\/www.radiodigitaltamazunchale.com\/landing\/wp-json\/wp\/v2\/media?parent=36466"}],"wp:term":[{"taxonomy":"category","embeddable":true,"href":"http:\/\/www.radiodigitaltamazunchale.com\/landing\/wp-json\/wp\/v2\/categories?post=36466"},{"taxonomy":"post_tag","embeddable":true,"href":"http:\/\/www.radiodigitaltamazunchale.com\/landing\/wp-json\/wp\/v2\/tags?post=36466"}],"curies":[{"name":"wp","href":"https:\/\/api.w.org\/{rel}","templated":true}]}}