{"id":36508,"date":"2020-07-23T11:25:05","date_gmt":"2020-07-23T17:25:05","guid":{"rendered":"http:\/\/www.radiodigitaltamazunchale.com\/landing\/?p=36508"},"modified":"2020-07-23T11:25:06","modified_gmt":"2020-07-23T17:25:06","slug":"acepta-amlo-renuncia-de-jimenez-espriu-a-la-sct-jorge-arganis-fue-presentado-como-el-nuevo-secretario-de-comunicaciones-y-transportes","status":"publish","type":"post","link":"http:\/\/www.radiodigitaltamazunchale.com\/landing\/uncategorized\/acepta-amlo-renuncia-de-jimenez-espriu-a-la-sct-jorge-arganis-fue-presentado-como-el-nuevo-secretario-de-comunicaciones-y-transportes\/","title":{"rendered":"ACEPTA AMLO RENUNCIA DE JIM\u00c9NEZ ESPRI\u00da A LA SCT , JORGE ARGANIS FUE PRESENTADO COMO EL NUEVO SECRETARIO DE COMUNICACIONES Y TRANSPORTES."},"content":{"rendered":"\n<p><strong>\u201cAcept\u00e9 la renuncia del ingeniero Javier Jim\u00e9nez Espri\u00fa\u201d<\/strong>, inform\u00f3 este jueves el presidente Andr\u00e9s Manuel L\u00f3pez Obrador.<\/p>\n\n\n\n<p>Con ello,&nbsp;<strong>Jim\u00e9nez Espri\u00fa<\/strong>&nbsp;deja su cargo como&nbsp;<strong>secretario de Comunicaciones y Transportes<\/strong>, luego de estar en desacuerdo con la decisi\u00f3n presidencial de dar control de&nbsp;<strong>puertos a la Secretar\u00eda de Marina,&nbsp;<\/strong>lo que hasta ahora estaba en manos de la SCT.<\/p>\n\n\n\n<p>\u201cCreo que por la circunstancia actual, por la corrupci\u00f3n que prevalece en los puertos, en las aduanas, y \u00faltimamente tambi\u00e9n por la entrada de contrabando y droga, necesitamos adem\u00e1s de buena administraci\u00f3n, requerimos de seguridad y de protecci\u00f3n en los puertos y que por ese motivo se requiere de el apoyo de la Secretar\u00eda de Marina, queremos que esta instituci\u00f3n se haga cargo del cuidado de las costas, de las aduanas mar\u00edtimas, de los puertos\u201d, defendi\u00f3 L\u00f3pez Obrador, en un video en el que aparece junto a Espri\u00fa en Palacio Nacional.<\/p>\n\n\n\n<p><strong>\u201cTodos los puertos van a estar manejados por la Secretar\u00eda de Marina<\/strong>, tenemos que llevar a cabo una modificaci\u00f3n a la ley pero se va a hacer esta iniciativa, ya vamos a iniciar ese proceso, con marinos retirados que se van a ir haciendo cargo de la administraci\u00f3n de todos los puertos\u201d, adelant\u00f3.<\/p>\n\n\n\n<p>Por su parte, el ahora ex funcionario agradeci\u00f3 la oportunidad de ser parte del gabinete de AMLO y &nbsp;\u201cluchar con usted para buscar el bienestar de los mexicanos\u201d.<\/p>\n\n\n\n<p>Reiter\u00f3 que fue su decisi\u00f3n el separarse del cargo \u201c<strong>por este diferendo, esta discrepancia<\/strong>\u201c, en referencia al control de los puertos.<\/p>\n\n\n\n<p>Al frente de la SCT fue designado el ingeniero\u00a0<strong>Jorge Arganis,\u00a0<\/strong>ex titular de la Secretar\u00eda de Obras y Servicios del Distrito Federal. Es decir, ya hab\u00eda trabajado con L\u00f3pez Obrador cuando este fue jefe de Gobierno.<\/p>\n\n\n\n<p>FUENTE; ARISTEGUI NOTICIAS<\/p>\n","protected":false},"excerpt":{"rendered":"<p>\u201cAcept\u00e9 la renuncia del ingeniero Javier Jim\u00e9nez Espri\u00fa\u201d, inform\u00f3 este jueves el presidente Andr\u00e9s Manuel L\u00f3pez Obrador. Con ello,&nbsp;Jim\u00e9nez Espri\u00fa&nbsp;deja<\/p>\n","protected":false},"author":2,"featured_media":36509,"comment_status":"open","ping_status":"open","sticky":false,"template":"","format":"standard","meta":[],"categories":[1],"tags":[],"_links":{"self":[{"href":"http:\/\/www.radiodigitaltamazunchale.com\/landing\/wp-json\/wp\/v2\/posts\/36508"}],"collection":[{"href":"http:\/\/www.radiodigitaltamazunchale.com\/landing\/wp-json\/wp\/v2\/posts"}],"about":[{"href":"http:\/\/www.radiodigitaltamazunchale.com\/landing\/wp-json\/wp\/v2\/types\/post"}],"author":[{"embeddable":true,"href":"http:\/\/www.radiodigitaltamazunchale.com\/landing\/wp-json\/wp\/v2\/users\/2"}],"replies":[{"embeddable":true,"href":"http:\/\/www.radiodigitaltamazunchale.com\/landing\/wp-json\/wp\/v2\/comments?post=36508"}],"version-history":[{"count":1,"href":"http:\/\/www.radiodigitaltamazunchale.com\/landing\/wp-json\/wp\/v2\/posts\/36508\/revisions"}],"predecessor-version":[{"id":36510,"href":"http:\/\/www.radiodigitaltamazunchale.com\/landing\/wp-json\/wp\/v2\/posts\/36508\/revisions\/36510"}],"wp:featuredmedia":[{"embeddable":true,"href":"http:\/\/www.radiodigitaltamazunchale.com\/landing\/wp-json\/wp\/v2\/media\/36509"}],"wp:attachment":[{"href":"http:\/\/www.radiodigitaltamazunchale.com\/landing\/wp-json\/wp\/v2\/media?parent=36508"}],"wp:term":[{"taxonomy":"category","embeddable":true,"href":"http:\/\/www.radiodigitaltamazunchale.com\/landing\/wp-json\/wp\/v2\/categories?post=36508"},{"taxonomy":"post_tag","embeddable":true,"href":"http:\/\/www.radiodigitaltamazunchale.com\/landing\/wp-json\/wp\/v2\/tags?post=36508"}],"curies":[{"name":"wp","href":"https:\/\/api.w.org\/{rel}","templated":true}]}}