{"id":36893,"date":"2020-08-04T07:30:57","date_gmt":"2020-08-04T13:30:57","guid":{"rendered":"http:\/\/www.radiodigitaltamazunchale.com\/landing\/?p=36893"},"modified":"2020-08-04T07:30:58","modified_gmt":"2020-08-04T13:30:58","slug":"acuerdan-gobierno-de-mexico-jefa-de-gobierno-y-gobernadores-continuar-trabajo-de-forma-coordinada-ante-situacion-de-la-pandemia-por-el-coronavirus-2","status":"publish","type":"post","link":"http:\/\/www.radiodigitaltamazunchale.com\/landing\/uncategorized\/acuerdan-gobierno-de-mexico-jefa-de-gobierno-y-gobernadores-continuar-trabajo-de-forma-coordinada-ante-situacion-de-la-pandemia-por-el-coronavirus-2\/","title":{"rendered":"ACUERDAN GOBIERNO DE M\u00c9XICO, JEFA DE GOBIERNO Y GOBERNADORES CONTINUAR TRABAJO DE FORMA COORDINADA ANTE SITUACI\u00d3N DE LA PANDEMIA POR EL CORONAVIRUS"},"content":{"rendered":"\n<p><strong>Ciudad de M\u00e9xico, 03 agosto 2020.-<\/strong> Ante la nueva realidad que presenta la pandemia por el coronavirus COVID-19 y la expectativa expresada por la Organizaci\u00f3n Mundial de la Salud (OMS) de que es incierto cu\u00e1nto m\u00e1s puede durar en todo el mundo, funcionarias y funcionarios del Gobierno de M\u00e9xico y un grupo de gobernadores y la jefa de gobierno de la Ciudad de M\u00e9xico, asistieron al llamado de la secretaria de Gobernaci\u00f3n, Olga S\u00e1nchez Cordero, para llevar una reuni\u00f3n con diversas secretar\u00edas de Estado, en la que se acord\u00f3 continuar trabajando de manera conjunta, federaci\u00f3n y entidades federativas, en todos los temas relacionados a la emergencia sanitaria y la reactivaci\u00f3n econ\u00f3mica.<\/p>\n\n\n\n<p>La declaratoria de emergencia del pasado mes de marzo entra en una nueva etapa por lo que se coincidi\u00f3 en trabajar coordinadamente en las medidas de seguridad sanitaria, conviniendo que el indicador del sem\u00e1foro para la federaci\u00f3n y los estados se orientar\u00e1 fundamentalmente a medir los riesgos como un referente indicativo y tomar de manera conjunta mejores acciones en todas las \u00e1reas involucradas.<\/p>\n\n\n\n<p>Durante la sesi\u00f3n celebrada en la sede de Bucareli de la Secretar\u00eda de Gobernaci\u00f3n, se acord\u00f3 tambi\u00e9n que en esta nueva realidad la gobernabilidad es una prioridad que requiere buscar las v\u00edas para mejorar el di\u00e1logo sobre las bases de respeto y trabajo conjunto, que incluya los factores econ\u00f3micos, laborales, educativos y sociales de cada estado y la federaci\u00f3n.<\/p>\n\n\n\n<p>Otro de los puntos de acuerdo fue que la Secretar\u00eda de Salud enviar\u00e1 a los gobernadores y la jefa de gobierno presentes la informaci\u00f3n para validarla y que se comparta en la Conferencia Nacional de Gobernadores (Conago) para comentarse en pr\u00f3xima reuni\u00f3n.<\/p>\n\n\n\n<p>A la reuni\u00f3n asistieron, el Presidente de la CONAGO y Gobernador de San Luis Potos\u00ed, Juan Manuel Carreras L\u00f3pez; el coordinador de la comisi\u00f3n de Salud de la CONAGO y Gobernador de Yucat\u00e1n, Mauricio Vila Dosal; la jefa de Gobierno de la Ciudad de M\u00e9xico, Claudia Sheinbaum Pardo; los Gobernadores de Estado de M\u00e9xico, Alfredo Del Mazo Maza; de Quer\u00e9taro Francisco Dom\u00ednguez Servi\u00e9n y de Hidalgo Omar Fayad Meneses.<\/p>\n\n\n\n<p>Por parte del Gobierno de M\u00e9xico asistieron las y los secretarios de Salud, Jorge Carlos Alcocer Varela; Econom\u00eda, Graciela M\u00e1rquez Col\u00edn; del Trabajo y Previsi\u00f3n Social, Luisa Mar\u00eda Alcalde Luj\u00e1n; y de Turismo, Miguel Torruco Marqu\u00e9s.<\/p>\n\n\n\n<p>Asimismo, el subsecretario de Prevenci\u00f3n y Promoci\u00f3n a la Salud de la Secretar\u00eda de Salud, Hugo L\u00f3pez-Gatell Ram\u00edrez; el subsecretario de Gobierno, Ricardo Peralta Saucedo; el director del Instituto de Salud para el Bienestar (Insabi), Juan Antonio Ferrer Aguilar; el director general el Instituto Mexicano del Seguro Social (IMSS), Zo\u00e9 Robledo Aburto; y el director general del Instituto de Seguridad y Servicios Sociales de los Trabajadores del Estado (ISSSTE), Luis Antonio Ram\u00edrez Pineda.<\/p>\n","protected":false},"excerpt":{"rendered":"<p>Ciudad de M\u00e9xico, 03 agosto 2020.- Ante la nueva realidad que presenta la pandemia por el coronavirus COVID-19 y la<\/p>\n","protected":false},"author":2,"featured_media":36894,"comment_status":"open","ping_status":"open","sticky":false,"template":"","format":"standard","meta":[],"categories":[1],"tags":[],"_links":{"self":[{"href":"http:\/\/www.radiodigitaltamazunchale.com\/landing\/wp-json\/wp\/v2\/posts\/36893"}],"collection":[{"href":"http:\/\/www.radiodigitaltamazunchale.com\/landing\/wp-json\/wp\/v2\/posts"}],"about":[{"href":"http:\/\/www.radiodigitaltamazunchale.com\/landing\/wp-json\/wp\/v2\/types\/post"}],"author":[{"embeddable":true,"href":"http:\/\/www.radiodigitaltamazunchale.com\/landing\/wp-json\/wp\/v2\/users\/2"}],"replies":[{"embeddable":true,"href":"http:\/\/www.radiodigitaltamazunchale.com\/landing\/wp-json\/wp\/v2\/comments?post=36893"}],"version-history":[{"count":1,"href":"http:\/\/www.radiodigitaltamazunchale.com\/landing\/wp-json\/wp\/v2\/posts\/36893\/revisions"}],"predecessor-version":[{"id":36895,"href":"http:\/\/www.radiodigitaltamazunchale.com\/landing\/wp-json\/wp\/v2\/posts\/36893\/revisions\/36895"}],"wp:featuredmedia":[{"embeddable":true,"href":"http:\/\/www.radiodigitaltamazunchale.com\/landing\/wp-json\/wp\/v2\/media\/36894"}],"wp:attachment":[{"href":"http:\/\/www.radiodigitaltamazunchale.com\/landing\/wp-json\/wp\/v2\/media?parent=36893"}],"wp:term":[{"taxonomy":"category","embeddable":true,"href":"http:\/\/www.radiodigitaltamazunchale.com\/landing\/wp-json\/wp\/v2\/categories?post=36893"},{"taxonomy":"post_tag","embeddable":true,"href":"http:\/\/www.radiodigitaltamazunchale.com\/landing\/wp-json\/wp\/v2\/tags?post=36893"}],"curies":[{"name":"wp","href":"https:\/\/api.w.org\/{rel}","templated":true}]}}