{"id":36902,"date":"2020-08-03T09:20:25","date_gmt":"2020-08-03T15:20:25","guid":{"rendered":"http:\/\/www.radiodigitaltamazunchale.com\/landing\/?p=36902"},"modified":"2020-08-04T09:21:56","modified_gmt":"2020-08-04T15:21:56","slug":"actividades-presenciales-en-dependencias-y-entidades-de-la-administracion-publica-estatal-estan-suspendidas-om","status":"publish","type":"post","link":"http:\/\/www.radiodigitaltamazunchale.com\/landing\/uncategorized\/actividades-presenciales-en-dependencias-y-entidades-de-la-administracion-publica-estatal-estan-suspendidas-om\/","title":{"rendered":"ACTIVIDADES PRESENCIALES EN DEPENDENCIAS Y ENTIDADES DE LA ADMINISTRACI\u00d3N P\u00daBLICA ESTATAL EST\u00c1N SUSPENDIDAS: OM"},"content":{"rendered":"\n<ul><li><strong>Ante la clasificaci\u00f3n de San Luis Potos\u00ed en sem\u00e1foro de color rojo, de alerta m\u00e1xima por la pandemia de Covid-19, desde el 20 de julio se suspendieron las actividades presenciales.<\/strong><\/li><\/ul>\n\n\n\n<p>La Oficial Mayor, Ada Amelia Andrade Contreras, inform\u00f3 que en el Acuerdo por el que se establecen medidas de prevenci\u00f3n en la Administraci\u00f3n P\u00fablica del Poder Ejecutivo del Estado de San Luis Potos\u00ed, ante la clasificaci\u00f3n de esta entidad federativa en color rojo, de alerta m\u00e1xima por la pandemia de Covid-19, las actividades presenciales en las dependencias y entidades p\u00fablicas est\u00e1n suspendidas.<\/p>\n\n\n\n<p>Andrade Contreras detall\u00f3 que en el p\u00e1rrafo segundo determina que \u201cen concordancia con el color rojo, de alerta m\u00e1xima, que presenta actualmente el Estado de San Luis Potos\u00ed en el Sistema de Sem\u00e1foro COVID-19, y con la finalidad de disminuir el n\u00famero de contagios de persona a persona as\u00ed como por ende la propagaci\u00f3n de la enfermedad, con especial \u00e9nfasis en grupos vulnerables, a partir del 20 de julio de 2020 se suspenden las actividades presenciales en las dependencias y entidades que integran la Administraci\u00f3n P\u00fablica del Poder Ejecutivo del Estado, hasta en tanto que, por recomendaci\u00f3n de las autoridades sanitarias se emita un nuevo Acuerdo que levante esta medida\u201d.<\/p>\n\n\n\n<p>Al reiterarse la semaforizaci\u00f3n en color rojo, de alerta m\u00e1xima, que establece Gobierno Federal en la entidad por los pr\u00f3ximos quince d\u00edas, las actividades presenciales no pueden realizarse pues representan, un riesgo para las y los trabajadores al servicio del Estado.<\/p>\n\n\n\n<p>Mientras las autoridades sanitarias no levanten la alerta del sem\u00e1foro en rojo, no podr\u00e1n reanudarse la asistencia en la Administraci\u00f3n Estatal, tal como lo estipula este Acuerdo por el que se establecen medidas de prevenci\u00f3n en la Administraci\u00f3n P\u00fablica del Poder Ejecutivo del Estado, concluy\u00f3 la Oficial Mayor, Ada Amelia Andrade Contreras.<\/p>\n","protected":false},"excerpt":{"rendered":"<p>Ante la clasificaci\u00f3n de San Luis Potos\u00ed en sem\u00e1foro de color rojo, de alerta m\u00e1xima por la pandemia de Covid-19,<\/p>\n","protected":false},"author":2,"featured_media":36903,"comment_status":"open","ping_status":"open","sticky":false,"template":"","format":"standard","meta":[],"categories":[1],"tags":[],"_links":{"self":[{"href":"http:\/\/www.radiodigitaltamazunchale.com\/landing\/wp-json\/wp\/v2\/posts\/36902"}],"collection":[{"href":"http:\/\/www.radiodigitaltamazunchale.com\/landing\/wp-json\/wp\/v2\/posts"}],"about":[{"href":"http:\/\/www.radiodigitaltamazunchale.com\/landing\/wp-json\/wp\/v2\/types\/post"}],"author":[{"embeddable":true,"href":"http:\/\/www.radiodigitaltamazunchale.com\/landing\/wp-json\/wp\/v2\/users\/2"}],"replies":[{"embeddable":true,"href":"http:\/\/www.radiodigitaltamazunchale.com\/landing\/wp-json\/wp\/v2\/comments?post=36902"}],"version-history":[{"count":1,"href":"http:\/\/www.radiodigitaltamazunchale.com\/landing\/wp-json\/wp\/v2\/posts\/36902\/revisions"}],"predecessor-version":[{"id":36904,"href":"http:\/\/www.radiodigitaltamazunchale.com\/landing\/wp-json\/wp\/v2\/posts\/36902\/revisions\/36904"}],"wp:featuredmedia":[{"embeddable":true,"href":"http:\/\/www.radiodigitaltamazunchale.com\/landing\/wp-json\/wp\/v2\/media\/36903"}],"wp:attachment":[{"href":"http:\/\/www.radiodigitaltamazunchale.com\/landing\/wp-json\/wp\/v2\/media?parent=36902"}],"wp:term":[{"taxonomy":"category","embeddable":true,"href":"http:\/\/www.radiodigitaltamazunchale.com\/landing\/wp-json\/wp\/v2\/categories?post=36902"},{"taxonomy":"post_tag","embeddable":true,"href":"http:\/\/www.radiodigitaltamazunchale.com\/landing\/wp-json\/wp\/v2\/tags?post=36902"}],"curies":[{"name":"wp","href":"https:\/\/api.w.org\/{rel}","templated":true}]}}