{"id":36931,"date":"2020-08-04T16:08:48","date_gmt":"2020-08-04T22:08:48","guid":{"rendered":"http:\/\/www.radiodigitaltamazunchale.com\/landing\/?p=36931"},"modified":"2020-08-04T16:08:49","modified_gmt":"2020-08-04T22:08:49","slug":"el-poder-legislativo-cumplio-en-tiempo-y-forma-el-proceso-de-seleccion-de-titular-de-la-contraloria-interna-de-la-ase-y-respeta-la-posicion-de-quien-no-esta-de-acuerdo-diputado-jose-antonio-zapata-me","status":"publish","type":"post","link":"http:\/\/www.radiodigitaltamazunchale.com\/landing\/uncategorized\/el-poder-legislativo-cumplio-en-tiempo-y-forma-el-proceso-de-seleccion-de-titular-de-la-contraloria-interna-de-la-ase-y-respeta-la-posicion-de-quien-no-esta-de-acuerdo-diputado-jose-antonio-zapata-me\/","title":{"rendered":"EL PODER LEGISLATIVO CUMPLI\u00d3 EN TIEMPO Y FORMA EL PROCESO DE SELECCI\u00d3N DE TITULAR DE LA CONTRALOR\u00cdA INTERNA DE LA ASE Y RESPETA LA POSICI\u00d3N DE QUIEN NO EST\u00c1 DE ACUERDO: DIPUTADO JOS\u00c9 ANTONIO ZAPATA MERAZ"},"content":{"rendered":"\n<p><strong>SE ACATAR\u00c1 CUALQUIER DETERMINACI\u00d3N QUE EMITA LA AUTORIDAD JURISDICCIONAL<\/strong><\/p>\n\n\n\n<p>El Congreso del Estado cumpli\u00f3 en tiempo y forma con el proceso de selecci\u00f3n para titular de la Contralor\u00eda Interna de la Auditor\u00eda Superior del Estado (ASE), sin embargo, se estar\u00e1 en espera de la resoluci\u00f3n del amparo federal que fue promovido, se\u00f1al\u00f3 el presidente de la Comisi\u00f3n de Vigilancia diputado Jos\u00e9 Antonio Zapata Meraz.<\/p>\n\n\n\n<p>El legislador dijo estar tranquilo sobre la conducci\u00f3n del procedimiento pues en todo momento se apego a derecho y respeto a la convocatoria que se emiti\u00f3 para seleccionar a la titular de la Contralor\u00eda Interna de la Auditoria Superior, y se\u00f1al\u00f3 que es respetuoso de la determinaci\u00f3n que tom\u00f3 uno de los participantes que no result\u00f3 beneficiado con esta selecci\u00f3n.<\/p>\n\n\n\n<p>Zapata Meraz, se refiri\u00f3 al amparo promovido por uno de los participantes en la elecci\u00f3n de contralor interno.<\/p>\n\n\n\n<p>Estableci\u00f3 que el Congreso del Estado como tal, no la Comisi\u00f3n de Vigilancia, tiene hasta el pr\u00f3ximo 18 de agosto para realizar la respuesta a esa solicitud de amparo al procedimiento y \u201clo tendr\u00e1 que firmar la Directiva del Poder Legislativo a trav\u00e9s de su presidente o a trav\u00e9s de algunos de sus integrantes que tenga el poder para la representaci\u00f3n del Congreso y ese es el tr\u00e1mite que se tiene que llevar. Aunque repito, nosotros estamos tranquilos, porque sabemos que se llev\u00f3 el procedimiento adecuado a lo que marcaba la convocatoria y esperaremos la resoluci\u00f3n al respecto\u201d.<\/p>\n\n\n\n<p>Tambi\u00e9n refiri\u00f3 que \u00abtodo el procedimiento para la elecci\u00f3n de la titular del \u00f3rgano interno de control de la Auditoria Superior del Estado se llev\u00f3 apegado a derecho. Incluso en la suspensi\u00f3n provisional del mismo, se manej\u00f3 un adendum a la convocatoria, el cual fue aprobado por la Comisi\u00f3n de Vigilancia y por el Pleno, publicado en el Peri\u00f3dico Oficial del Estado\u00bb.<\/p>\n\n\n\n<p>El presidente de la Comisi\u00f3n de Vigilancia, diputado Jos\u00e9 Antonio Zapara Meraz, indic\u00f3 que \u00abevidentemente, cuando existen este tipo de convocatorias, los que participan y no son beneficiados por la decisi\u00f3n del Pleno, tienen alg\u00fan malestar. La pregunta ser\u00eda si la opini\u00f3n de que el proceso fue mal llevado ser\u00eda la misma en caso de que el quejoso hubiera sido el ganador\u00bb, se\u00f1al\u00f3.<\/p>\n\n\n\n<p>Por \u00faltimo, insisti\u00f3 en manifestar que \u00aben lo personal, creo que fue un procedimiento pulcro, apegado a todo lo que marcaba la convocatoria y no creo que exista cualquier resquicio legal que pueda dar pie al amparo e incluso la actual titular de la Contralor\u00eda Interna de la ASE cumpl\u00eda con los requisitos de la convocatoria y por ello era elegible. A\u00fan as\u00ed y en caso de determinarse lo contrario, acataremos la resoluci\u00f3n\u201d, finaliz\u00f3.<\/p>\n","protected":false},"excerpt":{"rendered":"<p>SE ACATAR\u00c1 CUALQUIER DETERMINACI\u00d3N QUE EMITA LA AUTORIDAD JURISDICCIONAL El Congreso del Estado cumpli\u00f3 en tiempo y forma con el<\/p>\n","protected":false},"author":1,"featured_media":36932,"comment_status":"open","ping_status":"open","sticky":false,"template":"","format":"standard","meta":[],"categories":[1],"tags":[],"_links":{"self":[{"href":"http:\/\/www.radiodigitaltamazunchale.com\/landing\/wp-json\/wp\/v2\/posts\/36931"}],"collection":[{"href":"http:\/\/www.radiodigitaltamazunchale.com\/landing\/wp-json\/wp\/v2\/posts"}],"about":[{"href":"http:\/\/www.radiodigitaltamazunchale.com\/landing\/wp-json\/wp\/v2\/types\/post"}],"author":[{"embeddable":true,"href":"http:\/\/www.radiodigitaltamazunchale.com\/landing\/wp-json\/wp\/v2\/users\/1"}],"replies":[{"embeddable":true,"href":"http:\/\/www.radiodigitaltamazunchale.com\/landing\/wp-json\/wp\/v2\/comments?post=36931"}],"version-history":[{"count":1,"href":"http:\/\/www.radiodigitaltamazunchale.com\/landing\/wp-json\/wp\/v2\/posts\/36931\/revisions"}],"predecessor-version":[{"id":36933,"href":"http:\/\/www.radiodigitaltamazunchale.com\/landing\/wp-json\/wp\/v2\/posts\/36931\/revisions\/36933"}],"wp:featuredmedia":[{"embeddable":true,"href":"http:\/\/www.radiodigitaltamazunchale.com\/landing\/wp-json\/wp\/v2\/media\/36932"}],"wp:attachment":[{"href":"http:\/\/www.radiodigitaltamazunchale.com\/landing\/wp-json\/wp\/v2\/media?parent=36931"}],"wp:term":[{"taxonomy":"category","embeddable":true,"href":"http:\/\/www.radiodigitaltamazunchale.com\/landing\/wp-json\/wp\/v2\/categories?post=36931"},{"taxonomy":"post_tag","embeddable":true,"href":"http:\/\/www.radiodigitaltamazunchale.com\/landing\/wp-json\/wp\/v2\/tags?post=36931"}],"curies":[{"name":"wp","href":"https:\/\/api.w.org\/{rel}","templated":true}]}}