{"id":36935,"date":"2020-08-04T16:13:16","date_gmt":"2020-08-04T22:13:16","guid":{"rendered":"http:\/\/www.radiodigitaltamazunchale.com\/landing\/?p=36935"},"modified":"2020-08-04T16:13:17","modified_gmt":"2020-08-04T22:13:17","slug":"la-salud-de-ninas-ninos-y-adolescentes-debe-prevalecer-en-el-proximo-ciclo-escolar-por-ello-es-importante-aprovechar-el-uso-de-las-tecnologias-de-la-informacion-diputada-martha-barajas","status":"publish","type":"post","link":"http:\/\/www.radiodigitaltamazunchale.com\/landing\/uncategorized\/la-salud-de-ninas-ninos-y-adolescentes-debe-prevalecer-en-el-proximo-ciclo-escolar-por-ello-es-importante-aprovechar-el-uso-de-las-tecnologias-de-la-informacion-diputada-martha-barajas\/","title":{"rendered":"LA SALUD DE NI\u00d1AS, NI\u00d1OS Y ADOLESCENTES DEBE PREVALECER EN EL PR\u00d3XIMO CICLO ESCOLAR, POR ELLO ES IMPORTANTE APROVECHAR EL USO DE LAS TECNOLOG\u00cdAS DE LA INFORMACI\u00d3N: DIPUTADA MARTHA BARAJAS"},"content":{"rendered":"\n<p><strong>A TRAVES DE LA TELEVISI\u00d3N ABIERTA SE PUEDE LLEVAR LA ESDUCACI\u00d3N A TODO EL PA\u00cdS, AUNQUE HABR\u00c1 RETOS POR SUPERAR EN ZONAS MARGINADAS<\/strong><\/p>\n\n\n\n<p>La diputada Martha Barajas Garc\u00eda vicepresidenta de la Comisi\u00f3n de Educaci\u00f3n, Cultura, Ciencia y Tecnolog\u00eda, se\u00f1al\u00f3 que ante la contingencia sanitaria ser\u00e1 fundamental que el sistema educativo busque alternativas por medio del uso de las tecnolog\u00edas de la informaci\u00f3n.<\/p>\n\n\n\n<p>Asegur\u00f3 que, atendiendo las indicaciones del sector educativo federal, el nuevo ciclo escolar comenzar\u00e1 de forma virtual pasando a la modalidad presencial hasta que las Entidades Federativas se encuentren en sem\u00e1foro verde, por lo que no hay fecha tentativa y ser\u00e1 diferente en cada uno de los estados.<\/p>\n\n\n\n<p>\u201cEn este momento sin duda alguna lo fundamental es la cuesti\u00f3n sanitaria y no exponer a riesgos innecesarios a las ni\u00f1as, ni\u00f1os y adolescentes; aunque el tema educativo no se puede descuidar y ello adquiere relevancia, consideramos que no toda la poblaci\u00f3n tiene acceso a los medios digitales\u201d<\/p>\n\n\n\n<p>Barajas Garc\u00eda reconoci\u00f3 la colaboraci\u00f3n que est\u00e1n haciendo las instituciones educativas y los concesionarios del servicio de radiodifusi\u00f3n, ya que al exponer los contenidos educativos a los canales de televisi\u00f3n abierta, permitir\u00e1 ampliar la cobertura de la educaci\u00f3n a distancia.<\/p>\n\n\n\n<p>Se\u00f1al\u00f3 que el reto de la educaci\u00f3n a distancia ser\u00e1 para los padres de familia, a los maestros y dem\u00e1s autoridades educativas, \u201cpero incluso si hablamos de los subsistemas educativos, algunos tendr\u00e1n mayor reto, tal y como es lo que se refiere a la educaci\u00f3n inclusiva, ya que no se puede dejar de atender a las personas que tienen alg\u00fan tipo de discapacidad o el subsistema de CONAFE, que atend\u00eda en las comunidades marginadas\u201d.<\/p>\n\n\n\n<p>La vicepresidenta de la Comisi\u00f3n de Educaci\u00f3n, dijo que conf\u00eda en que todos los actores del sistema educativo estar\u00e1n a la altura de este reto que no es menor y que juntos se lograr\u00e1 no sacrificar el desempe\u00f1o educativo ante la nueva normalidad que estamos enfrentando.<\/p>\n","protected":false},"excerpt":{"rendered":"<p>A TRAVES DE LA TELEVISI\u00d3N ABIERTA SE PUEDE LLEVAR LA ESDUCACI\u00d3N A TODO EL PA\u00cdS, AUNQUE HABR\u00c1 RETOS POR SUPERAR<\/p>\n","protected":false},"author":1,"featured_media":36936,"comment_status":"open","ping_status":"open","sticky":false,"template":"","format":"standard","meta":[],"categories":[1],"tags":[],"_links":{"self":[{"href":"http:\/\/www.radiodigitaltamazunchale.com\/landing\/wp-json\/wp\/v2\/posts\/36935"}],"collection":[{"href":"http:\/\/www.radiodigitaltamazunchale.com\/landing\/wp-json\/wp\/v2\/posts"}],"about":[{"href":"http:\/\/www.radiodigitaltamazunchale.com\/landing\/wp-json\/wp\/v2\/types\/post"}],"author":[{"embeddable":true,"href":"http:\/\/www.radiodigitaltamazunchale.com\/landing\/wp-json\/wp\/v2\/users\/1"}],"replies":[{"embeddable":true,"href":"http:\/\/www.radiodigitaltamazunchale.com\/landing\/wp-json\/wp\/v2\/comments?post=36935"}],"version-history":[{"count":1,"href":"http:\/\/www.radiodigitaltamazunchale.com\/landing\/wp-json\/wp\/v2\/posts\/36935\/revisions"}],"predecessor-version":[{"id":36937,"href":"http:\/\/www.radiodigitaltamazunchale.com\/landing\/wp-json\/wp\/v2\/posts\/36935\/revisions\/36937"}],"wp:featuredmedia":[{"embeddable":true,"href":"http:\/\/www.radiodigitaltamazunchale.com\/landing\/wp-json\/wp\/v2\/media\/36936"}],"wp:attachment":[{"href":"http:\/\/www.radiodigitaltamazunchale.com\/landing\/wp-json\/wp\/v2\/media?parent=36935"}],"wp:term":[{"taxonomy":"category","embeddable":true,"href":"http:\/\/www.radiodigitaltamazunchale.com\/landing\/wp-json\/wp\/v2\/categories?post=36935"},{"taxonomy":"post_tag","embeddable":true,"href":"http:\/\/www.radiodigitaltamazunchale.com\/landing\/wp-json\/wp\/v2\/tags?post=36935"}],"curies":[{"name":"wp","href":"https:\/\/api.w.org\/{rel}","templated":true}]}}