{"id":36956,"date":"2020-08-05T17:29:34","date_gmt":"2020-08-05T23:29:34","guid":{"rendered":"http:\/\/www.radiodigitaltamazunchale.com\/landing\/?p=36956"},"modified":"2020-08-05T17:29:35","modified_gmt":"2020-08-05T23:29:35","slug":"propone-diputada-beatriz-benavente-iniciativa-constitucional-para-incluir-el-minimo-vital-como-derecho-humano","status":"publish","type":"post","link":"http:\/\/www.radiodigitaltamazunchale.com\/landing\/uncategorized\/propone-diputada-beatriz-benavente-iniciativa-constitucional-para-incluir-el-minimo-vital-como-derecho-humano\/","title":{"rendered":"PROPONE DIPUTADA BEATRIZ BENAVENTE INICIATIVA CONSTITUCIONAL PARA INCLUIR EL MINIMO VITAL COMO DERECHO HUMANO"},"content":{"rendered":"\n<p><strong>EL ESTADO DEBE CREAR LAS CONDICIONES PARA QUE TODA PERSONA PUEDA LLEVAR A CABO SU PROYECTO DE VIDA<\/strong><\/p>\n\n\n\n<p>La diputada Beatriz Benavente Rodr\u00edguez present\u00f3, en &nbsp;nombre del ciudadano Jos\u00e9 Mario de la Garza Marroqu\u00edn, la iniciativa para adicionar el p\u00e1rrafo noveno al art\u00edculo 12 de la Constituci\u00f3n Pol\u00edtica del Estado de San Luis Potos\u00ed, con el objeto legal de incluir el m\u00ednimo vital como derecho humano en nuestra Constituci\u00f3n.<\/p>\n\n\n\n<p>En la exposici\u00f3n de motivos, se indica que la actual crisis sanitaria ha servido para ilustrar de forma m\u00e1s contundente la necesidad de que las personas en mayor desventaja social cuenten con los recursos m\u00ednimos que les permitan subsistir.<\/p>\n\n\n\n<p><br>Agrega que el derecho a m\u00ednimo vital cobra especial relevancia, sobre todo en los contextos como el que estamos viviendo de contingencia sanitaria, que ha significado el cese de actividades econ\u00f3micas y la p\u00e9rdida o disminuci\u00f3n de ingresos para millones de familias, m\u00e1s a\u00fan, cuando ni siquiera existe certeza de la fecha en la que se normalizar\u00e1 la situaci\u00f3n.<\/p>\n\n\n\n<p><br>Por ello, la adici\u00f3n propone que: \u00abAtendiendo al principio de m\u00ednimo vital, el Estado y los Ayuntamientos deber\u00e1n de crear las condiciones para que toda persona pueda llevar a cabo su proyecto de vida. El monto presupuestal que se asigne para tales efectos nunca ser\u00e1 inferior al aprobado en el ejercicio inmediato anterior\u00bb.<\/p>\n\n\n\n<p>Se agrega, que el m\u00ednimo vital no debe confundirse con una prebenda asistencialista, ya que va mucho m\u00e1s all\u00e1. Es comprometer la acci\u00f3n estatal con la generaci\u00f3n de las condiciones que permiten el desarrollo humano de las personas en su derecho a la educaci\u00f3n, a la salud, a la vivienda, a la energ\u00eda el\u00e9ctrica, agua y servicios p\u00fablicos, alimentaci\u00f3n adecuada y seguridad social, entre otros.<\/p>\n\n\n\n<p>\u00abHay quienes afirman que el m\u00ednimo vital se instrumentaliza en proveer a las personas de insumos alimentarios o materiales m\u00ednimos para que puedan acceder a la subsistencia f\u00edsica, lo cual desde nuestro punto de vista no es suficiente, por lo que nos pronunciamos por la otra postura, que le da al m\u00ednimo vital una proyecci\u00f3n mucho m\u00e1s amplia que incluye garantizar los insumos m\u00ednimos necesarios indispensables para desarrollar una vida digna y en un contexto de progresividad en la que el m\u00ednimo vital solo es el piso base que debe asegurarse, a\u00fan en casos extraordinarios como la actual contingencia sanitaria, pero que se debe desplegar hacia el mejor escenario posible\u00bb.<\/p>\n\n\n\n<p>Se\u00f1ala que en el Congreso de la Uni\u00f3n existen tambi\u00e9n varias iniciativas promovidas por diferentes grupos parlamentarios, con diferentes alcances y denominaciones, que en el fondo proponen, ya sea como medida de emergencia o permanente, el m\u00ednimo vital para los mexicanos, como ya lo hacen otros pa\u00edses como es el caso de Espa\u00f1a.<\/p>\n\n\n\n<p>\u00abDecir s\u00ed al m\u00ednimo vital en la Constituci\u00f3n de San Luis Potos\u00ed, ser\u00eda una aut\u00e9ntica transformaci\u00f3n jur\u00eddica, para responder de forma sensible y emp\u00e1tica a la ingente necesidad de quienes han sido m\u00e1s golpeados por la pandemia, por la crisis y por la enorme desigualdad de nuestra sociedad\u00bb, indica.<\/p>\n","protected":false},"excerpt":{"rendered":"<p>EL ESTADO DEBE CREAR LAS CONDICIONES PARA QUE TODA PERSONA PUEDA LLEVAR A CABO SU PROYECTO DE VIDA La diputada<\/p>\n","protected":false},"author":1,"featured_media":36957,"comment_status":"open","ping_status":"open","sticky":false,"template":"","format":"standard","meta":[],"categories":[1],"tags":[],"_links":{"self":[{"href":"http:\/\/www.radiodigitaltamazunchale.com\/landing\/wp-json\/wp\/v2\/posts\/36956"}],"collection":[{"href":"http:\/\/www.radiodigitaltamazunchale.com\/landing\/wp-json\/wp\/v2\/posts"}],"about":[{"href":"http:\/\/www.radiodigitaltamazunchale.com\/landing\/wp-json\/wp\/v2\/types\/post"}],"author":[{"embeddable":true,"href":"http:\/\/www.radiodigitaltamazunchale.com\/landing\/wp-json\/wp\/v2\/users\/1"}],"replies":[{"embeddable":true,"href":"http:\/\/www.radiodigitaltamazunchale.com\/landing\/wp-json\/wp\/v2\/comments?post=36956"}],"version-history":[{"count":1,"href":"http:\/\/www.radiodigitaltamazunchale.com\/landing\/wp-json\/wp\/v2\/posts\/36956\/revisions"}],"predecessor-version":[{"id":36958,"href":"http:\/\/www.radiodigitaltamazunchale.com\/landing\/wp-json\/wp\/v2\/posts\/36956\/revisions\/36958"}],"wp:featuredmedia":[{"embeddable":true,"href":"http:\/\/www.radiodigitaltamazunchale.com\/landing\/wp-json\/wp\/v2\/media\/36957"}],"wp:attachment":[{"href":"http:\/\/www.radiodigitaltamazunchale.com\/landing\/wp-json\/wp\/v2\/media?parent=36956"}],"wp:term":[{"taxonomy":"category","embeddable":true,"href":"http:\/\/www.radiodigitaltamazunchale.com\/landing\/wp-json\/wp\/v2\/categories?post=36956"},{"taxonomy":"post_tag","embeddable":true,"href":"http:\/\/www.radiodigitaltamazunchale.com\/landing\/wp-json\/wp\/v2\/tags?post=36956"}],"curies":[{"name":"wp","href":"https:\/\/api.w.org\/{rel}","templated":true}]}}