{"id":36959,"date":"2020-08-05T17:31:06","date_gmt":"2020-08-05T23:31:06","guid":{"rendered":"http:\/\/www.radiodigitaltamazunchale.com\/landing\/?p=36959"},"modified":"2020-08-05T17:31:07","modified_gmt":"2020-08-05T23:31:07","slug":"es-alto-el-riesgo-de-contagio-de-covid-19-en-el-penal-de-la-pila-y-las-autoridades-deben-atenderlo-para-evitar-contagios-entre-custodios-e-internos-diputado-ricardo-villarreal-loo","status":"publish","type":"post","link":"http:\/\/www.radiodigitaltamazunchale.com\/landing\/uncategorized\/es-alto-el-riesgo-de-contagio-de-covid-19-en-el-penal-de-la-pila-y-las-autoridades-deben-atenderlo-para-evitar-contagios-entre-custodios-e-internos-diputado-ricardo-villarreal-loo\/","title":{"rendered":"ES ALTO EL RIESGO DE CONTAGIO DE COVID 19 EN EL PENAL DE LA PILA Y LAS AUTORIDADES DEBEN ATENDERLO, PARA EVITAR CONTAGIOS ENTRE CUSTODIOS E INTERNOS: DIPUTADO RICARDO VILLARREAL LOO"},"content":{"rendered":"\n<p><strong>LAS MALAS DECISIONES GUBERNAMENTALES PARA CONTENER LA PANDEMIA, PODR\u00cdAN REFLEJARSE EN ESE LUGAR Y HAY QUE EVITARLO<\/strong><\/p>\n\n\n\n<p>El diputado Ricardo Villarreal Loo hizo un llamado a las autoridades de Seguridad P\u00fabica y del sector Salud, para que atiendan con prontitud y eficacia la situaci\u00f3n de riesgo en el penal de La Pila, por contagios de Covid-19 entre los custodios, personal administrativo e internos.<\/p>\n\n\n\n<p>Asegur\u00f3 que se trata de un foco de riesgo debido a las malas condiciones en que se encuentran los reclusos y la gente que ah\u00ed labora, donde se refleja el mal manejo de la pandemia que se ha hecho en los diferentes niveles de gobierno, lo que hace todav\u00eda m\u00e1s preocupante la situaci\u00f3n.<\/p>\n\n\n\n<p>El legislador a\u00f1adi\u00f3 que el estado se encuentra a merced del virus \u201cpues parece ser que las autoridades asumieron una postura de \u2018que se contagie quien se tenga que contagiar\u2019, al no soportar la presi\u00f3n econ\u00f3mica y social de toda \u00edndole, ya que la gente est\u00e1 desesperada\u201d.<\/p>\n\n\n\n<p>\u201cLamento mucho que todos los d\u00edas est\u00e9 creciendo el casos de personas contagiadas de Covid-19, por eso hay que poner una atenci\u00f3n especial en el penal de la Pila, donde ya se han dado casos y un brote ser\u00eda muy dif\u00edcil de control, no se debe tomar a la ligera el riesgo que existe\u201d, dijo.<\/p>\n\n\n\n<p>Villarreal Loo apunt\u00f3 que en el Penal de La Pila como en muchos otros centros de reclusi\u00f3n las medidas sanitarias no son las adecuadas, desde el momento en que existe hacinamiento, de que viven cuatro o m\u00e1s internos en una celda que es para tres personas y donde los protocolos de higiene no se acatan.<\/p>\n\n\n\n<p>A\u00f1adi\u00f3 que espera que el protocolo correspondiente para los centros de reclusi\u00f3n se est\u00e9 llevando a cabo y que rinda los frutos esperados, para salvaguardar la salud de quienes se encuentran recluidos.<\/p>\n","protected":false},"excerpt":{"rendered":"<p>LAS MALAS DECISIONES GUBERNAMENTALES PARA CONTENER LA PANDEMIA, PODR\u00cdAN REFLEJARSE EN ESE LUGAR Y HAY QUE EVITARLO El diputado Ricardo<\/p>\n","protected":false},"author":1,"featured_media":36960,"comment_status":"open","ping_status":"open","sticky":false,"template":"","format":"standard","meta":[],"categories":[1],"tags":[],"_links":{"self":[{"href":"http:\/\/www.radiodigitaltamazunchale.com\/landing\/wp-json\/wp\/v2\/posts\/36959"}],"collection":[{"href":"http:\/\/www.radiodigitaltamazunchale.com\/landing\/wp-json\/wp\/v2\/posts"}],"about":[{"href":"http:\/\/www.radiodigitaltamazunchale.com\/landing\/wp-json\/wp\/v2\/types\/post"}],"author":[{"embeddable":true,"href":"http:\/\/www.radiodigitaltamazunchale.com\/landing\/wp-json\/wp\/v2\/users\/1"}],"replies":[{"embeddable":true,"href":"http:\/\/www.radiodigitaltamazunchale.com\/landing\/wp-json\/wp\/v2\/comments?post=36959"}],"version-history":[{"count":1,"href":"http:\/\/www.radiodigitaltamazunchale.com\/landing\/wp-json\/wp\/v2\/posts\/36959\/revisions"}],"predecessor-version":[{"id":36961,"href":"http:\/\/www.radiodigitaltamazunchale.com\/landing\/wp-json\/wp\/v2\/posts\/36959\/revisions\/36961"}],"wp:featuredmedia":[{"embeddable":true,"href":"http:\/\/www.radiodigitaltamazunchale.com\/landing\/wp-json\/wp\/v2\/media\/36960"}],"wp:attachment":[{"href":"http:\/\/www.radiodigitaltamazunchale.com\/landing\/wp-json\/wp\/v2\/media?parent=36959"}],"wp:term":[{"taxonomy":"category","embeddable":true,"href":"http:\/\/www.radiodigitaltamazunchale.com\/landing\/wp-json\/wp\/v2\/categories?post=36959"},{"taxonomy":"post_tag","embeddable":true,"href":"http:\/\/www.radiodigitaltamazunchale.com\/landing\/wp-json\/wp\/v2\/tags?post=36959"}],"curies":[{"name":"wp","href":"https:\/\/api.w.org\/{rel}","templated":true}]}}