{"id":36965,"date":"2020-08-05T07:21:52","date_gmt":"2020-08-05T13:21:52","guid":{"rendered":"http:\/\/www.radiodigitaltamazunchale.com\/landing\/?p=36965"},"modified":"2020-08-06T07:25:45","modified_gmt":"2020-08-06T13:25:45","slug":"participa-presidente-de-conago-en-el-foro-virtual-federalismo-en-mexico-consideraciones-de-la-actualidad","status":"publish","type":"post","link":"http:\/\/www.radiodigitaltamazunchale.com\/landing\/uncategorized\/participa-presidente-de-conago-en-el-foro-virtual-federalismo-en-mexico-consideraciones-de-la-actualidad\/","title":{"rendered":"PARTICIPA PRESIDENTE DE CONAGO, EN EL FORO VIRTUAL \u201cFEDERALISMO EN M\u00c9XICO, CONSIDERACIONES DE LA ACTUALIDAD\u201d"},"content":{"rendered":"\n<ul><li><strong>Cont\u00f3 con la participaci\u00f3n del Diputado Federal, Porfirio Mu\u00f1oz Ledo, el Coordinador del Centro de Estudios Municipales y Metropolitanos FES Acatl\u00e1n-UNAM, Carlos Rojas Guti\u00e9rrez, y el Secretario General de la Federaci\u00f3n Nacional de Municipios de M\u00e9xico (FENAMM), Sergio Arredondo Olvera.<\/strong><\/li><\/ul>\n\n\n\n<p>El Presidente de la Conferencia Nacional de Gobernadores (CONAGO) y Gobernador de San Luis Potos\u00ed, Juan Manuel Carreras L\u00f3pez, particip\u00f3 en el foro virtual \u201cFederalismo en M\u00e9xico, consideraciones de la actualidad\u201d, que realiz\u00f3 la Coordinaci\u00f3n Estatal para el Fortalecimiento de los Municipios (CEFIM), en coordinaci\u00f3n con la Federaci\u00f3n Nacional de Municipios de M\u00e9xico (FENAMM).<\/p>\n\n\n\n<p>El foro cont\u00f3 con la participaci\u00f3n de ponentes como el diputado federal, Porfirio Mu\u00f1oz Ledo, el Coordinador del Centro de Estudios Municipales y Metropolitanos FES Acatl\u00e1n-UNAM, Carlos Rojas Guti\u00e9rrez, y el Secretario General de la Federaci\u00f3n Nacional de Municipios de M\u00e9xico (FENAMM), Sergio Arredondo Olvera, as\u00ed como Luis Gerardo Aldaco Ortega, titular de la CEFIM quien fungi\u00f3 como moderador de este evento.<\/p>\n\n\n\n<p>En su participaci\u00f3n, el presidente de la CONAGO, Juan Manuel Carreras L\u00f3pez, dijo que sin duda el federalismo, emblema de la lucha liberal en el siglo XIX en nuestro pa\u00eds, implica un esquema de coordinaci\u00f3n entre los tres niveles de gobierno, especialmente, entre los estados y la federaci\u00f3n, y en estos momentos de crisis sanitaria y econ\u00f3mica se ha puesto a prueba, por lo que es pertinente la realizaci\u00f3n de este foro porque conlleva, entre otras cosas, la necesidad de refrendar el compromiso de trabajar, desde la \u00f3ptica local y regional, para construir una visi\u00f3n nacional as\u00ed como acciones que beneficien al conjunto de la poblaci\u00f3n.<\/p>\n\n\n\n<p>El diputado federal, Porfirio Mu\u00f1oz Ledo, expuso la trascendencia de la creaci\u00f3n de una Convenci\u00f3n Nacional Fiscal, \u201clo que nos permitir\u00e1 funcionar correctamente como pa\u00eds, porque, aunque los estados sean soberanos en decisiones internas, no lo son econ\u00f3micamente pues dependen de la bolsa de la federaci\u00f3n\u201d.<\/p>\n\n\n\n<p>Explic\u00f3 que para que haya un sistema federalista sano, es muy importante tomar en cuenta las fuentes de captaci\u00f3n fiscal, establecer qu\u00e9 impuestos hay en un pa\u00eds, qui\u00e9nes lo cobran, c\u00f3mo se distribuyen y c\u00f3mo se ejercen.<\/p>\n\n\n\n<p>Mu\u00f1oz Ledo agreg\u00f3 que otro de los temas que hay que analizar en la actualidad son las zonas metropolitanas y las regionalizaciones, que no han sido previstas hasta hoy, y que representan un desarrollo importante para el pa\u00eds, \u201centender que pueden formar parte de un solo estado, y que, adem\u00e1s, abarcan otras entidades y tienen una sola personalidad jur\u00eddica, por lo que hay que legislar inteligentemente, sobre todo dir\u00eda yo, el federalismo es un r\u00e9gimen de convivencia\u201d.<\/p>\n\n\n\n<p>Por su parte, el Gobernador potosino y presidente de CONAGO, expres\u00f3 que est\u00e1n a d\u00edas de realizar una reuni\u00f3n presencial, con todas las medidas y protocolos sanitarios por la pandemia de Covid-19 con el Presidente de M\u00e9xico, Andr\u00e9s Manuel L\u00f3pez Obrador, en donde la creaci\u00f3n de una Convenci\u00f3n Nacional Fiscal ser\u00e1 uno de los grandes temas sobre la mesa.<\/p>\n\n\n\n<p>En su ponencia, Carlos Rojas Guti\u00e9rrez, destac\u00f3 que es momento de plantear una gran reforma del estado en donde el federalismo, las nuevas formas de coordinaci\u00f3n, el reconocimiento de las conurbaciones, la manera en que se abordan los problemas comunes se puedan tratar y atender, pues de otra forma \u201cvamos a seguir siendo rebasados por una nueva realidad que no podamos soslayar\u201d.&nbsp;<\/p>\n\n\n\n<p>A\u00f1adi\u00f3 que se deber\u00eda de llegar a un nuevo acuerdo que permita darle viabilidad a nuestro pa\u00eds con una visi\u00f3n de muy largo plazo, por lo menos del 2030 al 2050, que permita presuponer las nuevas realidades y atenderlas de mejor manera.<\/p>\n\n\n\n<p>El Secretario General de la Federaci\u00f3n Nacional de Municipios de M\u00e9xico (FENAMM), Sergio Arredondo Olvera, dijo que los municipios deben ser protagonistas m\u00e1s potentes del nuevo federalismo y participar en los foros de decisi\u00f3n federalista.<\/p>\n\n\n\n<p>\u201cTenemos que avanzar en el fortalecimiento de la democracia local, fortalecer el papel de los cabildos, clarificar los periodos de gobierno de los municipios, adem\u00e1s de consolidar una nueva reforma electoral municipal m\u00e1s permanente y m\u00e1s de largo aliento\u201d, agreg\u00f3.<\/p>\n\n\n\n<p>Reiter\u00f3 que los municipios tienen que conectarse con la cooperaci\u00f3n descentralizada e internacional con visi\u00f3n local, fortalecer su vocaci\u00f3n y su papel como un tema de prioridad nacional, \u201chay algunos temas donde las ciudades no podemos estar fuera, como la seguridad p\u00fablica, la prevenci\u00f3n de la salud, el desarrollo econ\u00f3mico y en todas las pol\u00edticas sociales, en muchos de esos \u00e1mbitos, hoy, los municipios somos actores secundarios\u201d.<\/p>\n\n\n\n<p>Finalmente, Luis Gerardo Aldaco Ortega, agradeci\u00f3 la participaci\u00f3n de los ponentes, as\u00ed como de las y los participantes que se unieron a la transmisi\u00f3n virtual del foro, en el que destac\u00f3 la presencia de presidentes municipales e integrantes de los ayuntamientos.<\/p>\n","protected":false},"excerpt":{"rendered":"<p>Cont\u00f3 con la participaci\u00f3n del Diputado Federal, Porfirio Mu\u00f1oz Ledo, el Coordinador del Centro de Estudios Municipales y Metropolitanos FES<\/p>\n","protected":false},"author":2,"featured_media":36966,"comment_status":"open","ping_status":"open","sticky":false,"template":"","format":"standard","meta":[],"categories":[1],"tags":[],"_links":{"self":[{"href":"http:\/\/www.radiodigitaltamazunchale.com\/landing\/wp-json\/wp\/v2\/posts\/36965"}],"collection":[{"href":"http:\/\/www.radiodigitaltamazunchale.com\/landing\/wp-json\/wp\/v2\/posts"}],"about":[{"href":"http:\/\/www.radiodigitaltamazunchale.com\/landing\/wp-json\/wp\/v2\/types\/post"}],"author":[{"embeddable":true,"href":"http:\/\/www.radiodigitaltamazunchale.com\/landing\/wp-json\/wp\/v2\/users\/2"}],"replies":[{"embeddable":true,"href":"http:\/\/www.radiodigitaltamazunchale.com\/landing\/wp-json\/wp\/v2\/comments?post=36965"}],"version-history":[{"count":1,"href":"http:\/\/www.radiodigitaltamazunchale.com\/landing\/wp-json\/wp\/v2\/posts\/36965\/revisions"}],"predecessor-version":[{"id":36967,"href":"http:\/\/www.radiodigitaltamazunchale.com\/landing\/wp-json\/wp\/v2\/posts\/36965\/revisions\/36967"}],"wp:featuredmedia":[{"embeddable":true,"href":"http:\/\/www.radiodigitaltamazunchale.com\/landing\/wp-json\/wp\/v2\/media\/36966"}],"wp:attachment":[{"href":"http:\/\/www.radiodigitaltamazunchale.com\/landing\/wp-json\/wp\/v2\/media?parent=36965"}],"wp:term":[{"taxonomy":"category","embeddable":true,"href":"http:\/\/www.radiodigitaltamazunchale.com\/landing\/wp-json\/wp\/v2\/categories?post=36965"},{"taxonomy":"post_tag","embeddable":true,"href":"http:\/\/www.radiodigitaltamazunchale.com\/landing\/wp-json\/wp\/v2\/tags?post=36965"}],"curies":[{"name":"wp","href":"https:\/\/api.w.org\/{rel}","templated":true}]}}