{"id":39360,"date":"2020-11-07T08:58:00","date_gmt":"2020-11-07T14:58:00","guid":{"rendered":"http:\/\/www.radiodigitaltamazunchale.com\/landing\/?p=39360"},"modified":"2020-11-09T08:59:26","modified_gmt":"2020-11-09T14:59:26","slug":"en-comisiones-unidas-aprobaron-la-declaratoria-del-inicio-de-funciones-de-los-tribunales-locales-en-materia-laboral","status":"publish","type":"post","link":"http:\/\/www.radiodigitaltamazunchale.com\/landing\/uncategorized\/en-comisiones-unidas-aprobaron-la-declaratoria-del-inicio-de-funciones-de-los-tribunales-locales-en-materia-laboral\/","title":{"rendered":"EN COMISIONES UNIDAS APROBARON LA DECLARATORIA DEL INICIO DE FUNCIONES DE LOS TRIBUNALES LOCALES EN MATERIA LABORAL."},"content":{"rendered":"\n<p><strong>TAMBI\u00c9N APROBARON EL INICIO DEL CENTRO DE CONCILIACI\u00d3N LABORAL ESTATAL, A PARTIR DEL 18 DE NOVIEMBRE DE 2020: DIP. SONIA MENDOZA D\u00cdAZ.<\/strong><\/p>\n\n\n\n<p>En reuni\u00f3n de las comisiones unidas de Justicia, que preside la diputada Sonia Mendoza; Puntos Constitucionales, que preside la diputada Paola Arreola; y, Trabajo y Previsi\u00f3n Social, que preside la diputada Martha Barajas, aprobaron la Declaratoria del inicio de funciones de los tribunales locales en materia laboral; as\u00ed como el Centro de Conciliaci\u00f3n Laboral Estatal, a partir del 18 de noviembre de 2020.<\/p>\n\n\n\n<p>En el dictamen respectivo se establece que: \u201cEn cumplimiento a lo previsto en los art\u00edculos, Quinto, y Vig\u00e9simo Cuarto transitorios, del Decreto Publicado en el Diario Oficial de la Federaci\u00f3n&nbsp; el primero de mayo de 2019, por el que se reforman,&nbsp;adicionan,&nbsp;y&nbsp;derogan diversas disposiciones de los ordenamientos: Ley Federal del Trabajo; Ley Org\u00e1nica del Poder Judicial de la Federaci\u00f3n; Ley Federal de la Defensor\u00eda P\u00fablica; Ley del Instituto del Fondo Nacional de la Vivienda para los Trabajadores; as\u00ed como la Ley del Seguro Social, en materia de justicia laboral, libertad sindical, y negociaci\u00f3n colectiva, en el Estado de San Luis Potos\u00ed, los Tribunales Locales en Materia Laboral, y el Centro de Conciliaci\u00f3n Laboral en el Estado, iniciar\u00e1n funciones a partir del dieciocho de noviembre de dos mil veinte\u201d.<\/p>\n\n\n\n<p>Se indica adem\u00e1s que una vez que esta Soberan\u00eda ha expedido el andamiaje legislativo para implementar en el Estado las reformas relativas a la implementaci\u00f3n de la justicia laboral, la libertad sindical, y&nbsp; la negociaci\u00f3n colectiva, y en observancia a los art\u00edculos, Quinto, y Vig\u00e9simo Cuarto transitorios, del Decreto publicado en el Diario Oficial de la Federaci\u00f3n por el que se reforman diversos ordenamientos, los integrantes de las comisiones que suscriben consideran la pertinencia de expedir dicha Declaratoria.<\/p>\n\n\n\n<p>Aprobado el dictamen, se turnar\u00e1 al pleno para su votaci\u00f3n en una pr\u00f3xima Sesi\u00f3n Ordinaria, indic\u00f3 la diputada Sonia Mendoza D\u00edaz, presidenta de la Comisi\u00f3n de Justicia.<\/p>\n","protected":false},"excerpt":{"rendered":"<p>TAMBI\u00c9N APROBARON EL INICIO DEL CENTRO DE CONCILIACI\u00d3N LABORAL ESTATAL, A PARTIR DEL 18 DE NOVIEMBRE DE 2020: DIP. SONIA<\/p>\n","protected":false},"author":1,"featured_media":39361,"comment_status":"open","ping_status":"open","sticky":false,"template":"","format":"standard","meta":[],"categories":[1],"tags":[],"_links":{"self":[{"href":"http:\/\/www.radiodigitaltamazunchale.com\/landing\/wp-json\/wp\/v2\/posts\/39360"}],"collection":[{"href":"http:\/\/www.radiodigitaltamazunchale.com\/landing\/wp-json\/wp\/v2\/posts"}],"about":[{"href":"http:\/\/www.radiodigitaltamazunchale.com\/landing\/wp-json\/wp\/v2\/types\/post"}],"author":[{"embeddable":true,"href":"http:\/\/www.radiodigitaltamazunchale.com\/landing\/wp-json\/wp\/v2\/users\/1"}],"replies":[{"embeddable":true,"href":"http:\/\/www.radiodigitaltamazunchale.com\/landing\/wp-json\/wp\/v2\/comments?post=39360"}],"version-history":[{"count":1,"href":"http:\/\/www.radiodigitaltamazunchale.com\/landing\/wp-json\/wp\/v2\/posts\/39360\/revisions"}],"predecessor-version":[{"id":39362,"href":"http:\/\/www.radiodigitaltamazunchale.com\/landing\/wp-json\/wp\/v2\/posts\/39360\/revisions\/39362"}],"wp:featuredmedia":[{"embeddable":true,"href":"http:\/\/www.radiodigitaltamazunchale.com\/landing\/wp-json\/wp\/v2\/media\/39361"}],"wp:attachment":[{"href":"http:\/\/www.radiodigitaltamazunchale.com\/landing\/wp-json\/wp\/v2\/media?parent=39360"}],"wp:term":[{"taxonomy":"category","embeddable":true,"href":"http:\/\/www.radiodigitaltamazunchale.com\/landing\/wp-json\/wp\/v2\/categories?post=39360"},{"taxonomy":"post_tag","embeddable":true,"href":"http:\/\/www.radiodigitaltamazunchale.com\/landing\/wp-json\/wp\/v2\/tags?post=39360"}],"curies":[{"name":"wp","href":"https:\/\/api.w.org\/{rel}","templated":true}]}}