{"id":39482,"date":"2020-11-12T15:45:22","date_gmt":"2020-11-12T21:45:22","guid":{"rendered":"http:\/\/www.radiodigitaltamazunchale.com\/landing\/?p=39482"},"modified":"2020-11-12T15:45:23","modified_gmt":"2020-11-12T21:45:23","slug":"publicaran-libro-san-luis-potosi-zona-de-monumentos-historicos","status":"publish","type":"post","link":"http:\/\/www.radiodigitaltamazunchale.com\/landing\/uncategorized\/publicaran-libro-san-luis-potosi-zona-de-monumentos-historicos\/","title":{"rendered":"PUBLICAR\u00c1N LIBRO \u201cSAN LUIS POTOS\u00cd, ZONA DE MONUMENTOS HIST\u00d3RICOS\u201d"},"content":{"rendered":"\n<ul><li><strong>Gobernador JM Carreras y Director General del INAH, Diego Prieto, sostienen reuni\u00f3n donde se anunci\u00f3 la obra cuya primera edici\u00f3n se realizar\u00e1 en 2021.<\/strong><\/li><\/ul>\n\n\n\n<p>Como una obra que dar\u00e1 constancia de las caracter\u00edsticas arquitect\u00f3nicas, urban\u00edsticas, econ\u00f3micas, sociales y culturales del primer cuadro de la capital potosina, a principios del 2021 ser\u00e1 publicado el libro \u201cSan Luis Potos\u00ed, Zona de Monumentos Hist\u00f3ricos\u201d, as\u00ed lo dio a conocer Diego Prieto Hern\u00e1ndez, director general del Instituto Nacional de Antropolog\u00eda e Historia (INAH), durante una reuni\u00f3n con el Gobernador del Estado, Juan Manuel Carreras L\u00f3pez.<\/p>\n\n\n\n<p>En el encuentro que se llev\u00f3 a cabo en Palacio de Gobierno, Carreras L\u00f3pez se\u00f1al\u00f3 que contar con esta obra representa un arduo trabajo de investigaci\u00f3n sobre el Centro Hist\u00f3rico de San Luis Potos\u00ed, que es Patrimonio de la Humanidad como parte del Itinerario Cultural del Camino Real de Tierra Adentro, y abona al fortalecimiento de la identidad de una zona de la ciudad que es orgullo de todas y todos los potosinos.<\/p>\n\n\n\n<p>\u201cNuestro centro es un s\u00edmbolo esplendoroso que nos enorgullece, impulsamos de forma constante obras de rescate y cada vez m\u00e1s calles est\u00e1n terminadas, tener un libro que hable de su arquitectura y valores culturales, siempre ser\u00e1 importante, mi reconocimiento a todos y todas las que lo hicieron posible\u201d, a\u00f1adi\u00f3 el jefe del Ejecutivo estatal.&nbsp;<\/p>\n\n\n\n<p>Diego Prieto Hern\u00e1ndez, dijo que este libro cuya primera edici\u00f3n se realizar\u00e1 en 2021 y que constar\u00e1 de 3 mil ejemplares, acredita la colaboraci\u00f3n estrecha entre instituciones que se preocupan por la cultura, historia, patrimonio potosino, como el Gobierno del Estado, el INAH, la Universidad Aut\u00f3noma de San Luis Potos\u00ed, el Colegio de San Luis y la Secretar\u00eda de Cultura.<\/p>\n\n\n\n<p>\u201cLa labor de la administraci\u00f3n del Gobernador del Estado, Juan Manuel Carreras L\u00f3pez, ha sido importante, comprometida, eficiente, en lo que respecta al cuidado y adecuado manejo de la zona de monumentos del Centro Hist\u00f3rico, cada que vengo a San Luis Potos\u00ed y recorro las calles, las veo mejor, se nota el cuidado que les dan, la capital es una ciudad hermosa y disfrutable\u201d, se\u00f1al\u00f3 Prieto Hern\u00e1ndez.<\/p>\n\n\n\n<p>El funcionario federal, detall\u00f3 que las y los autores del libro en diversos temas son: Pablo Trujillo Garc\u00eda, Mar\u00eda Teresa Quezada Torres, Hortensia Camacho Altamirano, Guadalupe Jim\u00e9nez Codinach, Modesto Su\u00e1rez, Guadalupe Salazar Gonz\u00e1lez, Luz Carregha Lamadrid, Jes\u00fas Villar Rubio, Jos\u00e9 Eduardo Briones Rivera, David Eduardo V\u00e1zquez Salguero, Rosa Martha Ram\u00edrez Fern\u00e1ndez del Castillo, Mar\u00eda de Lourdes Uribe Soto y Adriana Corral Bustos.<\/p>\n\n\n\n<p>A esta reuni\u00f3n asistieron Armando Herrera Silva, secretario de Cultura; Juan Carlos Machinena Morales, director del Centro INAH San Luis Potos\u00ed; Rene Alvarado L\u00f3pez, coordinador de Centros INAH; Sebasti\u00e1n P\u00e9rez Garc\u00eda, secretario general del Ayuntamiento de la capital y personal del Centro INAH a nivel local.<\/p>\n","protected":false},"excerpt":{"rendered":"<p>Gobernador JM Carreras y Director General del INAH, Diego Prieto, sostienen reuni\u00f3n donde se anunci\u00f3 la obra cuya primera edici\u00f3n<\/p>\n","protected":false},"author":1,"featured_media":39483,"comment_status":"open","ping_status":"open","sticky":false,"template":"","format":"standard","meta":[],"categories":[1],"tags":[],"_links":{"self":[{"href":"http:\/\/www.radiodigitaltamazunchale.com\/landing\/wp-json\/wp\/v2\/posts\/39482"}],"collection":[{"href":"http:\/\/www.radiodigitaltamazunchale.com\/landing\/wp-json\/wp\/v2\/posts"}],"about":[{"href":"http:\/\/www.radiodigitaltamazunchale.com\/landing\/wp-json\/wp\/v2\/types\/post"}],"author":[{"embeddable":true,"href":"http:\/\/www.radiodigitaltamazunchale.com\/landing\/wp-json\/wp\/v2\/users\/1"}],"replies":[{"embeddable":true,"href":"http:\/\/www.radiodigitaltamazunchale.com\/landing\/wp-json\/wp\/v2\/comments?post=39482"}],"version-history":[{"count":1,"href":"http:\/\/www.radiodigitaltamazunchale.com\/landing\/wp-json\/wp\/v2\/posts\/39482\/revisions"}],"predecessor-version":[{"id":39484,"href":"http:\/\/www.radiodigitaltamazunchale.com\/landing\/wp-json\/wp\/v2\/posts\/39482\/revisions\/39484"}],"wp:featuredmedia":[{"embeddable":true,"href":"http:\/\/www.radiodigitaltamazunchale.com\/landing\/wp-json\/wp\/v2\/media\/39483"}],"wp:attachment":[{"href":"http:\/\/www.radiodigitaltamazunchale.com\/landing\/wp-json\/wp\/v2\/media?parent=39482"}],"wp:term":[{"taxonomy":"category","embeddable":true,"href":"http:\/\/www.radiodigitaltamazunchale.com\/landing\/wp-json\/wp\/v2\/categories?post=39482"},{"taxonomy":"post_tag","embeddable":true,"href":"http:\/\/www.radiodigitaltamazunchale.com\/landing\/wp-json\/wp\/v2\/tags?post=39482"}],"curies":[{"name":"wp","href":"https:\/\/api.w.org\/{rel}","templated":true}]}}