{"id":39487,"date":"2020-11-12T15:46:44","date_gmt":"2020-11-12T21:46:44","guid":{"rendered":"http:\/\/www.radiodigitaltamazunchale.com\/landing\/?p=39487"},"modified":"2020-11-12T15:46:45","modified_gmt":"2020-11-12T21:46:45","slug":"ceeav-y-uicslp-coordinan-esfuerzos-para-fortalecer-la-atencion-a-victimas-del-delito","status":"publish","type":"post","link":"http:\/\/www.radiodigitaltamazunchale.com\/landing\/uncategorized\/ceeav-y-uicslp-coordinan-esfuerzos-para-fortalecer-la-atencion-a-victimas-del-delito\/","title":{"rendered":"CEEAV Y UICSLP COORDINAN ESFUERZOS PARA FORTALECER LA ATENCI\u00d3N A V\u00cdCTIMAS DEL DELITO"},"content":{"rendered":"\n<ul><li><strong>Firman convenio de colaboraci\u00f3n.<\/strong><\/li><\/ul>\n\n\n\n<p>Con el objetivo de establecer los procedimientos y mecanismos para otorgar apoyo y fortalecer la atenci\u00f3n a v\u00edctimas de delitos y de violaciones de derechos humanos, la Comisi\u00f3n Estatal de Atenci\u00f3n a V\u00edctimas (CEEAV) y la Universidad Intercultural de San Luis Potos\u00ed llevaron a cabo la firma de un convenio de colaboraci\u00f3n, inform\u00f3 el comisionado ejecutivo, Jorge Vega Arroyo.<\/p>\n\n\n\n<p>El Comisionado y la rectora de la instituci\u00f3n educativa, Aurora Ordu\u00f1a Correa, suscribieron el documento, que les permitir\u00e1 generar mecanismos de participaci\u00f3n conjunta para la realizaci\u00f3n de acciones en beneficio de la ciudadan\u00eda mediante el intercambio de informaci\u00f3n rec\u00edproca entre ambos organismos.<\/p>\n\n\n\n<p>Al respecto, Jorge Vega Arroyo destac\u00f3 la importancia del acuerdo y reafirm\u00f3 el compromiso que tiene desde la Comisi\u00f3n, para darles voz a las v\u00edctimas, por eso la importancia de trabajar de la mano con instituciones educativas en la b\u00fasqueda del conocimiento y la verdad, dando respuestas a los retos que la situaci\u00f3n actual exige de las instituciones p\u00fablicas.<\/p>\n\n\n\n<p>Para finalizar, Aurora Ordu\u00f1a en calidad de rectora de la instituci\u00f3n agradeci\u00f3 y expres\u00f3 su compromiso para dar seguimiento a las actividades y proyectos que surjan de dicho convenio.<\/p>\n","protected":false},"excerpt":{"rendered":"<p>Firman convenio de colaboraci\u00f3n. Con el objetivo de establecer los procedimientos y mecanismos para otorgar apoyo y fortalecer la atenci\u00f3n<\/p>\n","protected":false},"author":1,"featured_media":39489,"comment_status":"open","ping_status":"open","sticky":false,"template":"","format":"standard","meta":[],"categories":[1],"tags":[],"_links":{"self":[{"href":"http:\/\/www.radiodigitaltamazunchale.com\/landing\/wp-json\/wp\/v2\/posts\/39487"}],"collection":[{"href":"http:\/\/www.radiodigitaltamazunchale.com\/landing\/wp-json\/wp\/v2\/posts"}],"about":[{"href":"http:\/\/www.radiodigitaltamazunchale.com\/landing\/wp-json\/wp\/v2\/types\/post"}],"author":[{"embeddable":true,"href":"http:\/\/www.radiodigitaltamazunchale.com\/landing\/wp-json\/wp\/v2\/users\/1"}],"replies":[{"embeddable":true,"href":"http:\/\/www.radiodigitaltamazunchale.com\/landing\/wp-json\/wp\/v2\/comments?post=39487"}],"version-history":[{"count":1,"href":"http:\/\/www.radiodigitaltamazunchale.com\/landing\/wp-json\/wp\/v2\/posts\/39487\/revisions"}],"predecessor-version":[{"id":39490,"href":"http:\/\/www.radiodigitaltamazunchale.com\/landing\/wp-json\/wp\/v2\/posts\/39487\/revisions\/39490"}],"wp:featuredmedia":[{"embeddable":true,"href":"http:\/\/www.radiodigitaltamazunchale.com\/landing\/wp-json\/wp\/v2\/media\/39489"}],"wp:attachment":[{"href":"http:\/\/www.radiodigitaltamazunchale.com\/landing\/wp-json\/wp\/v2\/media?parent=39487"}],"wp:term":[{"taxonomy":"category","embeddable":true,"href":"http:\/\/www.radiodigitaltamazunchale.com\/landing\/wp-json\/wp\/v2\/categories?post=39487"},{"taxonomy":"post_tag","embeddable":true,"href":"http:\/\/www.radiodigitaltamazunchale.com\/landing\/wp-json\/wp\/v2\/tags?post=39487"}],"curies":[{"name":"wp","href":"https:\/\/api.w.org\/{rel}","templated":true}]}}