{"id":39501,"date":"2020-11-14T08:52:00","date_gmt":"2020-11-14T14:52:00","guid":{"rendered":"http:\/\/www.radiodigitaltamazunchale.com\/landing\/?p=39501"},"modified":"2020-11-16T08:54:48","modified_gmt":"2020-11-16T14:54:48","slug":"presenta-diputado-ricardo-villarreal-loo-iniciativa-para-expedir-la-nueva-ley-organica-de-la-uaslp","status":"publish","type":"post","link":"http:\/\/www.radiodigitaltamazunchale.com\/landing\/uncategorized\/presenta-diputado-ricardo-villarreal-loo-iniciativa-para-expedir-la-nueva-ley-organica-de-la-uaslp\/","title":{"rendered":"PRESENTA DIPUTADO RICARDO VILLARREAL LOO INICIATIVA PARA EXPEDIR LA NUEVA LEY ORG\u00c1NICA DE LA UASLP"},"content":{"rendered":"\n<p><strong>ES NECESARIA UNA ACTUALIZACI\u00d3N DEL ORDENAMIENTO A FONDO PUES SOLAMENTE HA TENIDO ALGUNAS REFORMAS A TRAV\u00c9S DE LOS A\u00d1OS<\/strong><\/p>\n\n\n\n<p>El diputado Ricardo Villarreal Loo present\u00f3 una iniciativa para expedir la nueva Ley Org\u00e1nica de la Benem\u00e9rita Universidad Aut\u00f3noma de San Luis Potos\u00ed\u0301, que actualice la misi\u00f3n y objetivos de la m\u00e1xima casa de estudios del estado, acorde a los principios de derechos humanos y al ejercicio de la autonom\u00eda.<\/p>\n\n\n\n<p>La propuesta surgi\u00f3 de una auscultaci\u00f3n directa con integrantes de la Universidad Aut\u00f3noma de San Luis Potos\u00ed\u0301, para actualizar la Ley que regula a la UASLP y que no ha sido objeto de actualizaci\u00f3n por el Poder Legislativo del Estado, en aspectos sustantivos importantes que tengan que ver con la denominaci\u00f3n de la Universidad, sus finalidades, su organizaci\u00f3n, su gobierno interno y con el desarrollo actual de sus actividades acad\u00e9micas, de investigaci\u00f3n, extensi\u00f3n y de difusi\u00f3n de la cultura.<\/p>\n\n\n\n<p>Desde su promulgaci\u00f3n, la Ley Org\u00e1nica de la Universidad solo ha sido objeto de reformas, para modificar su denominaci\u00f3n original y el nombre de la Universidad, lo que ocurri\u00f3\u0301 mediante decretos 1149 publicado en el Peri\u00f3dico Oficial del Gobierno del Estado del 15 de septiembre del 2012 y 1172 publicado en el mismo Peri\u00f3dico el 12 de septiembre del 2015, respectivamente.<\/p>\n\n\n\n<p>Villarreal Loo expuso que es importante normar de manera general y abstracta, temas que ya est\u00e1n en vigor desde la Constituci\u00f3n Pol\u00edtica de los Estados Unidos Mexicanos y los Tratados Internacionales suscritos por nuestro pa\u00eds, como son: la incorporaci\u00f3n de los principios de \u00faltima generaci\u00f3n, que emanan de los Derechos Humanos relativos a la educaci\u00f3n media y superior, contenidos en la \u00faltima reforma al art\u00edculo 3o., Constitucional y el Derecho convencional, los Derechos fundamentales y los deberes de las personas que participan en el desarrollo de las finalidades de la instituci\u00f3n, la sustentabilidad y el r\u00e9gimen disciplinario, entre otros.<\/p>\n\n\n\n<p>La Ley establecer\u00e1 que la Benem\u00e9rita Universidad Aut\u00f3noma de San Luis Potos\u00ed\u0301, es una instituci\u00f3n p\u00fablica de educaci\u00f3n superior, y un organismo p\u00fablico descentralizado del Estado libre y Soberano de San Luis Potos\u00ed\u0301 con domicilio legal en la capital de la Entidad. Posee personalidad jur\u00eddica, est\u00e1 dotada de autonom\u00eda, y cuenta con patrimonio propio, capacitada para adquirir y administrar los bienes muebles e inmuebles necesarios para realizar su objeto, y se rige por esta Ley, el Estatuto Org\u00e1nico y sus Reglamentos.<\/p>\n\n\n\n<p>Esta Ley, el Estatuto Org\u00e1nico, sus reglamentos y las disposiciones de car\u00e1cter general que de ella deriven, se sujetaran a los derechos humanos y a los principios que emanan de los art\u00edculos primero y tercero de la Constituci\u00f3n Pol\u00edtica de los Estados Unidos Mexicanos, los Tratados Internacionales en los que el Estado Mexicano sea parte y la Constituci\u00f3n Pol\u00edtica del Estado.<\/p>\n\n\n\n<p>La Universidad asumir\u00e1\u0301 el compromiso de impulsar acciones y pol\u00edticas institucionales de sostenibilidad, bajo los principios de Interculturalidad, inclusi\u00f3n, perspectiva de g\u00e9nero, juventudes e integralidad.<\/p>\n\n\n\n<p>Percibir los ingresos que ordinaria y extraordinariamente le correspondan por aportaciones de los gobiernos estatal, federal y municipal, estando facultada para recabar sus propios recursos econ\u00f3micos por los medios que estime convenientes, los que ser\u00e1n empleados en el logro de sus finalidades.<\/p>\n\n\n\n<p>La iniciativa del diputado Ricardo Villarreal Loo se turn\u00f3 a comisiones para su an\u00e1lisis y dictamen correspondiente.<\/p>\n","protected":false},"excerpt":{"rendered":"<p>ES NECESARIA UNA ACTUALIZACI\u00d3N DEL ORDENAMIENTO A FONDO PUES SOLAMENTE HA TENIDO ALGUNAS REFORMAS A TRAV\u00c9S DE LOS A\u00d1OS El<\/p>\n","protected":false},"author":1,"featured_media":39502,"comment_status":"open","ping_status":"open","sticky":false,"template":"","format":"standard","meta":[],"categories":[1],"tags":[],"_links":{"self":[{"href":"http:\/\/www.radiodigitaltamazunchale.com\/landing\/wp-json\/wp\/v2\/posts\/39501"}],"collection":[{"href":"http:\/\/www.radiodigitaltamazunchale.com\/landing\/wp-json\/wp\/v2\/posts"}],"about":[{"href":"http:\/\/www.radiodigitaltamazunchale.com\/landing\/wp-json\/wp\/v2\/types\/post"}],"author":[{"embeddable":true,"href":"http:\/\/www.radiodigitaltamazunchale.com\/landing\/wp-json\/wp\/v2\/users\/1"}],"replies":[{"embeddable":true,"href":"http:\/\/www.radiodigitaltamazunchale.com\/landing\/wp-json\/wp\/v2\/comments?post=39501"}],"version-history":[{"count":1,"href":"http:\/\/www.radiodigitaltamazunchale.com\/landing\/wp-json\/wp\/v2\/posts\/39501\/revisions"}],"predecessor-version":[{"id":39503,"href":"http:\/\/www.radiodigitaltamazunchale.com\/landing\/wp-json\/wp\/v2\/posts\/39501\/revisions\/39503"}],"wp:featuredmedia":[{"embeddable":true,"href":"http:\/\/www.radiodigitaltamazunchale.com\/landing\/wp-json\/wp\/v2\/media\/39502"}],"wp:attachment":[{"href":"http:\/\/www.radiodigitaltamazunchale.com\/landing\/wp-json\/wp\/v2\/media?parent=39501"}],"wp:term":[{"taxonomy":"category","embeddable":true,"href":"http:\/\/www.radiodigitaltamazunchale.com\/landing\/wp-json\/wp\/v2\/categories?post=39501"},{"taxonomy":"post_tag","embeddable":true,"href":"http:\/\/www.radiodigitaltamazunchale.com\/landing\/wp-json\/wp\/v2\/tags?post=39501"}],"curies":[{"name":"wp","href":"https:\/\/api.w.org\/{rel}","templated":true}]}}