{"id":39540,"date":"2020-11-15T11:31:00","date_gmt":"2020-11-15T17:31:00","guid":{"rendered":"http:\/\/www.radiodigitaltamazunchale.com\/landing\/?p=39540"},"modified":"2020-11-16T11:32:43","modified_gmt":"2020-11-16T17:32:43","slug":"capacita-imes-a-personal-de-los-centros-de-desarrollo-para-mujeres-2","status":"publish","type":"post","link":"http:\/\/www.radiodigitaltamazunchale.com\/landing\/uncategorized\/capacita-imes-a-personal-de-los-centros-de-desarrollo-para-mujeres-2\/","title":{"rendered":"CAPACITA IMES A PERSONAL DE LOS CENTROS DE DESARROLLO PARA MUJERES"},"content":{"rendered":"\n<ul><li><strong>Se busca que las trabajadoras de la dependencia fortalezcan sus conocimientos para dar asesor\u00edas. &nbsp;<\/strong><\/li><li><strong>Asisti\u00f3 personal de nueve municipios y de la delegaci\u00f3n de Bocas<\/strong>.<\/li><\/ul>\n\n\n\n<p>Con el objetivo de capacitar a las profesionistas de los Centros para el Desarrollo de las Mujeres (CDM), el Instituto de la Mujeres del Estado (IMES) efectu\u00f3 dos reuniones de trabajo para fortalecer la asesor\u00eda del personal a las usuarias, inform\u00f3 Erika Vel\u00e1zquez Guti\u00e9rrez, titular de la dependencia.<\/p>\n\n\n\n<p>La funcionaria estatal detall\u00f3 que el jueves 5 de noviembre en la capital potosina, se dio la bienvenida a las abogadas, psic\u00f3logas y promotoras comunitarias de los CDM de Cerro de San Pedro, Tierra Nueva, Villa de Reyes y la delegaci\u00f3n de Bocas. Posteriormente, el jueves 12 en el municipio de Tamazunchale participaron las profesionistas de Santa Catarina, San Vicente Tancuayalab, Villa Ju\u00e1rez, Villa de Ramos, Huehuetl\u00e1n y San Ciro de Acosta.<\/p>\n\n\n\n<p>C\u00e9sar Guillermo Tapia Vacio y Gabriela Alejandra Mart\u00ednez Hern\u00e1ndez, del \u00e1rea de Capacitaci\u00f3n del Instituto, hablaron a las asistentes de los criterios para el dise\u00f1o y elaboraci\u00f3n de documentos, metas y medios de verificaci\u00f3n.<\/p>\n\n\n\n<p>Enseguida, Argelia Torres Mart\u00ednez del \u00e1rea del Centro de Atenci\u00f3n Integral del IMES particip\u00f3 con la pl\u00e1tica: \u201cMarco jur\u00eddico del acoso y hostigamiento sexual\u201d.<\/p>\n\n\n\n<p>Posteriormente, las profesionistas aprendieron t\u00e9cnicas de pintura en el Taller: \u201cTexturas mixtas y contenci\u00f3n emocional\u201d que coordin\u00f3 la promotora Flavia Dom\u00ednguez C\u00f3rdova.<\/p>\n\n\n\n<p>Laura Elisa Castillo Torres, directora del \u00e1rea de Capacitaci\u00f3n del Instituto, coordin\u00f3 las actividades durante los dos d\u00edas de capacitaci\u00f3n, que tuvo como prop\u00f3sito fortalecer los servicios de asesor\u00eda legal, orientaci\u00f3n psicol\u00f3gica y trabajo comunitario, as\u00ed como acompa\u00f1amiento a otras dependencias que ofrecen las coordinadoras de manera gratuita a las usuarias.<\/p>\n","protected":false},"excerpt":{"rendered":"<p>Se busca que las trabajadoras de la dependencia fortalezcan sus conocimientos para dar asesor\u00edas. &nbsp; Asisti\u00f3 personal de nueve municipios<\/p>\n","protected":false},"author":1,"featured_media":39541,"comment_status":"open","ping_status":"open","sticky":false,"template":"","format":"standard","meta":[],"categories":[1],"tags":[],"_links":{"self":[{"href":"http:\/\/www.radiodigitaltamazunchale.com\/landing\/wp-json\/wp\/v2\/posts\/39540"}],"collection":[{"href":"http:\/\/www.radiodigitaltamazunchale.com\/landing\/wp-json\/wp\/v2\/posts"}],"about":[{"href":"http:\/\/www.radiodigitaltamazunchale.com\/landing\/wp-json\/wp\/v2\/types\/post"}],"author":[{"embeddable":true,"href":"http:\/\/www.radiodigitaltamazunchale.com\/landing\/wp-json\/wp\/v2\/users\/1"}],"replies":[{"embeddable":true,"href":"http:\/\/www.radiodigitaltamazunchale.com\/landing\/wp-json\/wp\/v2\/comments?post=39540"}],"version-history":[{"count":1,"href":"http:\/\/www.radiodigitaltamazunchale.com\/landing\/wp-json\/wp\/v2\/posts\/39540\/revisions"}],"predecessor-version":[{"id":39542,"href":"http:\/\/www.radiodigitaltamazunchale.com\/landing\/wp-json\/wp\/v2\/posts\/39540\/revisions\/39542"}],"wp:featuredmedia":[{"embeddable":true,"href":"http:\/\/www.radiodigitaltamazunchale.com\/landing\/wp-json\/wp\/v2\/media\/39541"}],"wp:attachment":[{"href":"http:\/\/www.radiodigitaltamazunchale.com\/landing\/wp-json\/wp\/v2\/media?parent=39540"}],"wp:term":[{"taxonomy":"category","embeddable":true,"href":"http:\/\/www.radiodigitaltamazunchale.com\/landing\/wp-json\/wp\/v2\/categories?post=39540"},{"taxonomy":"post_tag","embeddable":true,"href":"http:\/\/www.radiodigitaltamazunchale.com\/landing\/wp-json\/wp\/v2\/tags?post=39540"}],"curies":[{"name":"wp","href":"https:\/\/api.w.org\/{rel}","templated":true}]}}