{"id":39650,"date":"2020-06-23T09:37:00","date_gmt":"2020-06-23T15:37:00","guid":{"rendered":"http:\/\/www.radiodigitaltamazunchale.com\/landing\/?p=39650"},"modified":"2020-11-17T09:40:05","modified_gmt":"2020-11-17T15:40:05","slug":"sectur-autoridades-ejidales-y-municipales-de-la-media-luna-preparan-protocolos-sanitarios-para-apertura-gradual","status":"publish","type":"post","link":"http:\/\/www.radiodigitaltamazunchale.com\/landing\/uncategorized\/sectur-autoridades-ejidales-y-municipales-de-la-media-luna-preparan-protocolos-sanitarios-para-apertura-gradual\/","title":{"rendered":"SECTUR, AUTORIDADES EJIDALES Y MUNICIPALES DE LA MEDIA LUNA PREPARAN PROTOCOLOS SANITARIOS PARA APERTURA GRADUAL"},"content":{"rendered":"\n<ul><li><strong>Entre las medidas se contempla <\/strong><strong>prohibir la introducci\u00f3n de alimentos y bebidas, as\u00ed como acampar en el lugar.<\/strong><\/li><li><strong>Se aplicar\u00e1 una vez que se reanuden actividades de acuerdo al Sem\u00e1foro Epidemiol\u00f3gico Nacional y lo que determine la autoridad sanitaria en el estado.<\/strong><\/li><\/ul>\n\n\n\n<p>Como parte de los lineamientos generales para la apertura gradual y segura que se implementar\u00e1 en el Parque Natural Protegido de La Media Luna en Rioverde, el Secretario de Turismo, Arturo Esper Sulaim\u00e1n inform\u00f3 que, el Comit\u00e9 ejidal de El Jabal\u00ed al que pertenece la laguna, determin\u00f3 la prohibici\u00f3n de acceso de alimentos y bebidas, as\u00ed como acampar en el lugar, medidas que se aplicar\u00e1n una vez que se reanuden actividades de acuerdo al Sem\u00e1foro Epidemiol\u00f3gico Nacional y lo que determine la autoridad sanitaria estatal.<\/p>\n\n\n\n<p>El funcionario dio a conocer que, tras una reuni\u00f3n que sostuvieron autoridades ejidales, municipales y personal de la Secretar\u00eda de Turismo, se pact\u00f3 un reajuste en la oferta del sitio para lograr cumplir las medidas de higiene que dicta la Nueva Normalidad. Adem\u00e1s se revisaron acuerdos y acciones sobre los protocolos previos a la reapertura.<\/p>\n\n\n\n<p>Precis\u00f3 que el ingreso al lugar ir\u00e1 acompa\u00f1ado de filtros sanitarios en la entrada, donde la toma de temperatura, un peque\u00f1o cuestionario y lavado de manos ser\u00e1n b\u00e1sicos para el ingreso; respecto a la capacidad de carga, \u00e9sta ser\u00e1 reducida al 50 por ciento con el fin de evitar aglomeraciones en la laguna.<\/p>\n\n\n\n<p>La dependencia estatal comunic\u00f3 que no se permitir\u00e1 acampar en el sitio, ya que se consider\u00f3 que era una de las actividades dentro del parque con menor posibilidad de control para prevenir los contagios de Covid-19, pues las \u00e1reas en donde se realiza est\u00e1n alejadas del lugar donde se ubica la vigilancia, adem\u00e1s de estar cercanas al \u00e1rea natural del manantial, lo que dificulta el cuidado de la sana distancia, as\u00ed como la gesti\u00f3n de los desechos biol\u00f3gicos que puedan depositarse en el canal o en la laguna.<\/p>\n\n\n\n<p>Por otro lado \u2013anunci\u00f3-, la otra actividad que puede representar un peligro de contagio es la introducci\u00f3n de alimentos y productos para realizar picnics dentro del parque, debido a que estos tendr\u00edan que estar desinfectados en su totalidad y de no ser as\u00ed, ser\u00e1 muy dif\u00edcil evitar que se disperse el virus, tanto en el personal que vigila y revisa los equipajes, como en las personas que se hacen cargo de los desechos.<\/p>\n\n\n\n<p>Para ello, se acord\u00f3 fortalecer el \u00e1rea de comida en el interior del parque, extremando las medidas de higiene y sanitizaci\u00f3n, as\u00ed como las disposiciones normativas que cotidianamente tienen que realizar en el manejo de alimentos, con ello, las y los visitantes podr\u00e1n contar con alimentos en cantidad y calidad que puedan hacer de su permanencia en la media luna una grata experiencia.<\/p>\n\n\n\n<p>Arturo Esper Sulaim\u00e1n, secretario de Turismo, extern\u00f3 que la administraci\u00f3n del parque se ha preparado exhaustivamente con materiales, equipamiento y capacitaci\u00f3n del personal poder garantizar la implementaci\u00f3n de los protocolos de seguridad e higiene en todas las \u00e1reas del servicio del parque, adem\u00e1s de tener un equipo de personas dentro del Consejo de Vigilancia del ejido que coordinar\u00e1, junto con autoridades municipales y de salud de Rioverde, la puntual implementaci\u00f3n de los protocolos.<\/p>\n\n\n\n<p>Finalmente, en el uso de chalecos salvavidas, se trabaja el ordenamiento para evitar aglomeraciones al momento de adquirirlos y garantizar su puntual sanitizaci\u00f3n antes y despu\u00e9s de ser utilizados por las y los viajeros.<\/p>\n","protected":false},"excerpt":{"rendered":"<p>Entre las medidas se contempla prohibir la introducci\u00f3n de alimentos y bebidas, as\u00ed como acampar en el lugar. Se aplicar\u00e1<\/p>\n","protected":false},"author":1,"featured_media":39651,"comment_status":"open","ping_status":"open","sticky":false,"template":"","format":"standard","meta":[],"categories":[1],"tags":[],"_links":{"self":[{"href":"http:\/\/www.radiodigitaltamazunchale.com\/landing\/wp-json\/wp\/v2\/posts\/39650"}],"collection":[{"href":"http:\/\/www.radiodigitaltamazunchale.com\/landing\/wp-json\/wp\/v2\/posts"}],"about":[{"href":"http:\/\/www.radiodigitaltamazunchale.com\/landing\/wp-json\/wp\/v2\/types\/post"}],"author":[{"embeddable":true,"href":"http:\/\/www.radiodigitaltamazunchale.com\/landing\/wp-json\/wp\/v2\/users\/1"}],"replies":[{"embeddable":true,"href":"http:\/\/www.radiodigitaltamazunchale.com\/landing\/wp-json\/wp\/v2\/comments?post=39650"}],"version-history":[{"count":1,"href":"http:\/\/www.radiodigitaltamazunchale.com\/landing\/wp-json\/wp\/v2\/posts\/39650\/revisions"}],"predecessor-version":[{"id":39652,"href":"http:\/\/www.radiodigitaltamazunchale.com\/landing\/wp-json\/wp\/v2\/posts\/39650\/revisions\/39652"}],"wp:featuredmedia":[{"embeddable":true,"href":"http:\/\/www.radiodigitaltamazunchale.com\/landing\/wp-json\/wp\/v2\/media\/39651"}],"wp:attachment":[{"href":"http:\/\/www.radiodigitaltamazunchale.com\/landing\/wp-json\/wp\/v2\/media?parent=39650"}],"wp:term":[{"taxonomy":"category","embeddable":true,"href":"http:\/\/www.radiodigitaltamazunchale.com\/landing\/wp-json\/wp\/v2\/categories?post=39650"},{"taxonomy":"post_tag","embeddable":true,"href":"http:\/\/www.radiodigitaltamazunchale.com\/landing\/wp-json\/wp\/v2\/tags?post=39650"}],"curies":[{"name":"wp","href":"https:\/\/api.w.org\/{rel}","templated":true}]}}