{"id":39665,"date":"2020-06-25T09:53:46","date_gmt":"2020-06-25T15:53:46","guid":{"rendered":"http:\/\/www.radiodigitaltamazunchale.com\/landing\/?p=39665"},"modified":"2020-11-17T09:54:28","modified_gmt":"2020-11-17T15:54:28","slug":"firman-convenio-imes-y-uaslp-a-favor-de-la-mujer","status":"publish","type":"post","link":"http:\/\/www.radiodigitaltamazunchale.com\/landing\/uncategorized\/firman-convenio-imes-y-uaslp-a-favor-de-la-mujer\/","title":{"rendered":"FIRMAN CONVENIO IMES Y UASLP A FAVOR DE LA MUJER"},"content":{"rendered":"\n<p>En la Salas de Rector\u00eda de la M\u00e1xima Casa de Estudios, Erika Vel\u00e1zquez Guti\u00e9rrez, directora general del Instituto de las Mujeres del Estado (IMES) y el Rector de Universidad Aut\u00f3noma de San Luis Potos\u00ed (UASLP), Alejandro Javier Zerme\u00f1o Guerra, signaron un convenio de colaboraci\u00f3n para la Implementaci\u00f3n de proyectos y acciones enfocadas a promover la igualdad de g\u00e9nero y erradicaci\u00f3n de la violencia contra las mujeres.<\/p>\n\n\n\n<p>Con este convenio, el Instituto de las Mujeres y la M\u00e1xima Casa de Estudios ofrecer\u00e1n consultor\u00eda en la formulaci\u00f3n de instrumentos de pol\u00edtica p\u00fablica en materia de g\u00e9nero, as\u00ed como de proyectos para la gesti\u00f3n de recursos federales e internacionales; investigaci\u00f3n con enfoque de g\u00e9nero para la soluci\u00f3n de problemas espec\u00edficos; capacitaci\u00f3n; impartici\u00f3n de diplomados, seminarios, cursos, conferencias y foros; participaci\u00f3n en los eventos que se realicen cuando la materia sea o est\u00e9 vinculada al tema de las mujeres.<\/p>\n\n\n\n<p>Erika Vel\u00e1zquez Guti\u00e9rrez extern\u00f3 el benepl\u00e1cito de trabajar con la Universidad Aut\u00f3noma de San Luis Potos\u00ed, \u201cestamos contentas y emocionadas, estamos seguras que esta nueva administraci\u00f3n del Doctor Zerme\u00f1o va a marcar diferencias en muchas cosas; compartimos pensamientos, formas de trabajar y a eso venimos, a seguir trabajando de manera coordinada. Yo amo a la Universidad, es mi Alma Mater, soy abogada de profesi\u00f3n, egresada de la Facultad de Derecho\u201d.<\/p>\n\n\n\n<p>\u201cEs para el Instituto todo un gusto y un honor el poder ratificar este convenio que desde 2006 hemos tenido con las administraciones de la UASLP, esta vez con el Doctor Zerme\u00f1o, que para nosotras es muy importante que sea justo con \u00e9l, quien fue el primero en hablar del acoso y el hostigamiento en las facultades y escuelas de la Universidad\u201d, agreg\u00f3.<\/p>\n\n\n\n<p>Destac\u00f3 el trabajo que ya se ha comenzado a realizar con la nueva administraci\u00f3n de la UASLP, \u201chemos estado trabajando tambi\u00e9n con la Doctora Urenda Navarro; una destacada feminista que ahora se integra al equipo directivo del Doctor Zerme\u00f1o, y junto con el Secretario General, Marco Antonio Aranda, estoy segura que har\u00e1n una muy buena mancuerna para sacar todos estos temas adelante\u201d.<\/p>\n\n\n\n<p>Sobre el plan de trabajo de este convenio, Vel\u00e1zquez Guti\u00e9rrez explic\u00f3 que se dar\u00e1 capacitaci\u00f3n al alumnado que as\u00ed lo requiera en todas las regiones del estado en temas que tienen que ver con la perspectiva de g\u00e9nero, el impulso a la igualdad sustantiva y con la erradicaci\u00f3n de la violencia en contra de las mujeres. Asimismo, indic\u00f3 que se trabajar\u00e1 en el protocolo de intervenci\u00f3n en casos de acoso y hostigamiento, campa\u00f1as y en eventos que pidan la participaci\u00f3n directamente del Instituto.<\/p>\n\n\n\n<p>Signaron el convenio de colaboraci\u00f3n Erika Vel\u00e1zquez Guti\u00e9rrez, Directora General del Instituto de las Mujeres y Celia Pescina Mel\u00e9ndez, responsable del \u00e1rea de Planeaci\u00f3n y Vinculaci\u00f3n, Alejandro Zerme\u00f1o Guerra, Rector de la UASLP, Marco Antonio Aranda Mart\u00ednez, Secretario General y Gylmar Mariel C\u00e1rdenas, jefe de la Divisi\u00f3n de Vinculaci\u00f3n Universitaria.<\/p>\n","protected":false},"excerpt":{"rendered":"<p>En la Salas de Rector\u00eda de la M\u00e1xima Casa de Estudios, Erika Vel\u00e1zquez Guti\u00e9rrez, directora general del Instituto de las<\/p>\n","protected":false},"author":1,"featured_media":39666,"comment_status":"open","ping_status":"open","sticky":false,"template":"","format":"standard","meta":[],"categories":[1],"tags":[],"_links":{"self":[{"href":"http:\/\/www.radiodigitaltamazunchale.com\/landing\/wp-json\/wp\/v2\/posts\/39665"}],"collection":[{"href":"http:\/\/www.radiodigitaltamazunchale.com\/landing\/wp-json\/wp\/v2\/posts"}],"about":[{"href":"http:\/\/www.radiodigitaltamazunchale.com\/landing\/wp-json\/wp\/v2\/types\/post"}],"author":[{"embeddable":true,"href":"http:\/\/www.radiodigitaltamazunchale.com\/landing\/wp-json\/wp\/v2\/users\/1"}],"replies":[{"embeddable":true,"href":"http:\/\/www.radiodigitaltamazunchale.com\/landing\/wp-json\/wp\/v2\/comments?post=39665"}],"version-history":[{"count":1,"href":"http:\/\/www.radiodigitaltamazunchale.com\/landing\/wp-json\/wp\/v2\/posts\/39665\/revisions"}],"predecessor-version":[{"id":39667,"href":"http:\/\/www.radiodigitaltamazunchale.com\/landing\/wp-json\/wp\/v2\/posts\/39665\/revisions\/39667"}],"wp:featuredmedia":[{"embeddable":true,"href":"http:\/\/www.radiodigitaltamazunchale.com\/landing\/wp-json\/wp\/v2\/media\/39666"}],"wp:attachment":[{"href":"http:\/\/www.radiodigitaltamazunchale.com\/landing\/wp-json\/wp\/v2\/media?parent=39665"}],"wp:term":[{"taxonomy":"category","embeddable":true,"href":"http:\/\/www.radiodigitaltamazunchale.com\/landing\/wp-json\/wp\/v2\/categories?post=39665"},{"taxonomy":"post_tag","embeddable":true,"href":"http:\/\/www.radiodigitaltamazunchale.com\/landing\/wp-json\/wp\/v2\/tags?post=39665"}],"curies":[{"name":"wp","href":"https:\/\/api.w.org\/{rel}","templated":true}]}}