{"id":39674,"date":"2020-06-26T09:59:00","date_gmt":"2020-06-26T15:59:00","guid":{"rendered":"http:\/\/www.radiodigitaltamazunchale.com\/landing\/?p=39674"},"modified":"2020-11-17T10:00:18","modified_gmt":"2020-11-17T16:00:18","slug":"conmemoran-dia-internacional-en-apoyo-a-victimas-de-tortura","status":"publish","type":"post","link":"http:\/\/www.radiodigitaltamazunchale.com\/landing\/uncategorized\/conmemoran-dia-internacional-en-apoyo-a-victimas-de-tortura\/","title":{"rendered":"CONMEMORAN D\u00cdA INTERNACIONAL EN APOYO A V\u00cdCTIMAS DE TORTURA"},"content":{"rendered":"\n<ul><li><strong>Desde 1997, la ONU proclam\u00f3 el 26 de junio como D\u00eda Internacional de las Naciones Unidas en Apoyo de las V\u00edctimas de la Tortura.<\/strong><\/li><li><strong>La CEEAV realiza acompa\u00f1amiento jur\u00eddico y apoyo psicol\u00f3gic<\/strong><strong>o.<\/strong><\/li><\/ul>\n\n\n\n<p>En el marco de la conmemoraci\u00f3n del D\u00eda Internacional de las Naciones Unidas en Apoyo de las V\u00edctimas de la Tortura, Jorge Vega Arroyo, titular de la Comisi\u00f3n Ejecutiva de Atenci\u00f3n a V\u00edctimas (CEEAV) inform\u00f3 que, la dependencia da seguimiento a catorce personas, de quienes se realiza acompa\u00f1amiento jur\u00eddico y apoyo psicol\u00f3gico.<\/p>\n\n\n\n<p>El funcionario estatal dijo que, este d\u00eda, es propicio para recordar e instar a todas las autoridades sobre la importancia del respeto de los derechos humanos, en particular de la dignidad y de la integridad f\u00edsica y mental de las personas, como base para fortalecer la cultura de la legalidad.<\/p>\n\n\n\n<p>La CEEAV, como autoridad operativa para la asistencia y atenci\u00f3n a v\u00edctimas, lleva a cabo las acciones pertinentes para la defensa, protecci\u00f3n y observancia de sus derechos y del abuso del poder, as\u00ed como de aquellos que se vean violentados por tortura o tratos crueles, inhumanos o degradantes.<\/p>\n\n\n\n<p>El 12 de diciembre de 1997 la Asamblea General de la ONU proclam\u00f3 el 26 de junio como D\u00eda Internacional de las Naciones Unidas en Apoyo de las V\u00edctimas de la Tortura, con el objetivo de erradicar este delito y aplicar de manera efectiva la Convenci\u00f3n contra la Tortura y otros Tratos o Penas Crueles, Inhumanos o Degradantes.<\/p>\n\n\n\n<p>Vega Arroyo agreg\u00f3 que, estos actos son una preocupaci\u00f3n a nivel mundial, y se consideran una violaci\u00f3n grave a los derechos humanos, al menoscabar la dignidad de las personas y causarles da\u00f1os f\u00edsicos y psicol\u00f3gicos severos que pueden ser imposibles de superar.<\/p>\n\n\n\n<p>\u201cEs por ello que la Comisi\u00f3n Ejecutiva de Atenci\u00f3n a V\u00edctimas (CEEAV) brinda asesor\u00eda, atenci\u00f3n jur\u00eddica y psicosocial a quienes sean considerados v\u00edctimas de Tortura\u201d, concluy\u00f3.<\/p>\n","protected":false},"excerpt":{"rendered":"<p>Desde 1997, la ONU proclam\u00f3 el 26 de junio como D\u00eda Internacional de las Naciones Unidas en Apoyo de las<\/p>\n","protected":false},"author":1,"featured_media":39675,"comment_status":"open","ping_status":"open","sticky":false,"template":"","format":"standard","meta":[],"categories":[1],"tags":[],"_links":{"self":[{"href":"http:\/\/www.radiodigitaltamazunchale.com\/landing\/wp-json\/wp\/v2\/posts\/39674"}],"collection":[{"href":"http:\/\/www.radiodigitaltamazunchale.com\/landing\/wp-json\/wp\/v2\/posts"}],"about":[{"href":"http:\/\/www.radiodigitaltamazunchale.com\/landing\/wp-json\/wp\/v2\/types\/post"}],"author":[{"embeddable":true,"href":"http:\/\/www.radiodigitaltamazunchale.com\/landing\/wp-json\/wp\/v2\/users\/1"}],"replies":[{"embeddable":true,"href":"http:\/\/www.radiodigitaltamazunchale.com\/landing\/wp-json\/wp\/v2\/comments?post=39674"}],"version-history":[{"count":1,"href":"http:\/\/www.radiodigitaltamazunchale.com\/landing\/wp-json\/wp\/v2\/posts\/39674\/revisions"}],"predecessor-version":[{"id":39676,"href":"http:\/\/www.radiodigitaltamazunchale.com\/landing\/wp-json\/wp\/v2\/posts\/39674\/revisions\/39676"}],"wp:featuredmedia":[{"embeddable":true,"href":"http:\/\/www.radiodigitaltamazunchale.com\/landing\/wp-json\/wp\/v2\/media\/39675"}],"wp:attachment":[{"href":"http:\/\/www.radiodigitaltamazunchale.com\/landing\/wp-json\/wp\/v2\/media?parent=39674"}],"wp:term":[{"taxonomy":"category","embeddable":true,"href":"http:\/\/www.radiodigitaltamazunchale.com\/landing\/wp-json\/wp\/v2\/categories?post=39674"},{"taxonomy":"post_tag","embeddable":true,"href":"http:\/\/www.radiodigitaltamazunchale.com\/landing\/wp-json\/wp\/v2\/tags?post=39674"}],"curies":[{"name":"wp","href":"https:\/\/api.w.org\/{rel}","templated":true}]}}