{"id":40021,"date":"2020-12-01T11:00:16","date_gmt":"2020-12-01T17:00:16","guid":{"rendered":"http:\/\/www.radiodigitaltamazunchale.com\/landing\/?p=40021"},"modified":"2020-12-01T11:00:17","modified_gmt":"2020-12-01T17:00:17","slug":"congreso-del-estado-realizara-un-conversatorio-virtual-en-el-marco-del-dia-internacional-de-las-personas-con-discapacidad","status":"publish","type":"post","link":"http:\/\/www.radiodigitaltamazunchale.com\/landing\/uncategorized\/congreso-del-estado-realizara-un-conversatorio-virtual-en-el-marco-del-dia-internacional-de-las-personas-con-discapacidad\/","title":{"rendered":"CONGRESO DEL ESTADO REALIZAR\u00c1 UN CONVERSATORIO VIRTUAL EN EL MARCO DEL \u201cD\u00cdA INTERNACIONAL DE LAS PERSONAS CON DISCAPACIDAD\u201d."},"content":{"rendered":"\n<p><strong>EL OBJETIVO ES ENRIQUECER Y FORTALECER LAS POL\u00cdTICAS P\u00daBLICAS EN FAVOR DE LAS PERSONAS CON DISCAPACIDAD EN SAN LUIS POTOS\u00cd: DIP. MART\u00cdN JU\u00c1REZ C\u00d3RDOVA.<\/strong><\/p>\n\n\n\n<p>Con el prop\u00f3sito de enriquecer y fortalecer las pol\u00edticas p\u00fablicas en favor de las personas con discapacidad en San Luis Potos\u00ed, el Congreso del Estado, en coordinaci\u00f3n con la Fundaci\u00f3n \u201cGilberto Rinc\u00f3n Gallardo\u201d, el DIF Estatal, y la Comisi\u00f3n Estatal de los Derechos Humanos (CEDH), llevar\u00e1 a cabo el pr\u00f3ximo 3 de diciembre a las 17:00 horas un conversatorio v\u00eda virtual en el marco del \u201cD\u00eda Internacional de las Personas con Discapacidad\u201d.<\/p>\n\n\n\n<p>El diputado Mart\u00edn Ju\u00e1rez C\u00f3rdova, quien participar\u00e1 como ponente, destac\u00f3 la importancia de este ejercicio de divulgaci\u00f3n y promoci\u00f3n de los derechos y el bienestar de las personas con discapacidades en todos los \u00e1mbitos de la sociedad, pues dijo que de esta manera se genera una mayor concientizaci\u00f3n sobre su situaci\u00f3n en todos los aspectos de la vida pol\u00edtica, social, econ\u00f3mica y cultural.<\/p>\n\n\n\n<p>Destac\u00f3 que el D\u00eda Intencional de las Personas con Discapacidad fue declarado por la Asamblea de las Naciones Unidas desde 1992 y es importante se\u00f1alar que a 28 a\u00f1os de esta declaratoria, hay que seguir impulsando las pol\u00edticas p\u00fablicas y los marcos normativos para generar m\u00e1s y mejores condiciones para las personas con discapacidad.<\/p>\n\n\n\n<p>Se\u00f1al\u00f3 que este conservatorio se llevar\u00e1 a cabo en el \u00e1nimo de poder contribuir a generar conciencia en la ciudadan\u00eda pues se promueve un importante evento para poder escuchar la voz de los expertos y los enfoques con lo que se debe trabajar, \u201cporque en ocasiones le queremos dar un enfoque asistencialista, cuando es un enfoque de desarrollo y participaci\u00f3n de las personas con discapacidad en cualquier circunstancia\u201d.<\/p>\n\n\n\n<p>Ju\u00e1rez C\u00f3rdova, indic\u00f3 que \u201cen esta din\u00e1mica el Poder Legislativo se suma y pone a disposici\u00f3n&nbsp;&nbsp; de estas organizaciones las plataformas oficiales y naturalmente con ello tambi\u00e9n gana el Congreso del Estado al tener m\u00e1s y mejores argumentos fundados que nos van a permitir armonizar y generar los marcos normativos que est\u00e9n a la vanguardia en esta materia\u201d, acot\u00f3.<\/p>\n\n\n\n<p>Cabe destacar que en este evento con motivo del D\u00eda Internacional de las Personas con Discapacidad, estar\u00e1n participando la diputada Vianey Montes Colunga, Presidenta de la Directiva de la LXII Legislatura, el diputado Mart\u00edn Ju\u00e1rez C\u00f3rdova, la diputada Martha Barajas Garc\u00eda,&nbsp; integrante de la LXII Legislatura. Adem\u00e1s del presidente de la Comisi\u00f3n Estatal de los Derechos &nbsp;Humanos, Jorge Andr\u00e9s L\u00f3pez Espinosa, la titular de la Fundaci\u00f3n \u201cGilberto Rinc\u00f3n Gallardo\u201d, L\u00eddice Rinc\u00f3n Gallardo, la&nbsp;&nbsp; representante de la Direcci\u00f3n de Educaci\u00f3n Comunitaria e Inclusi\u00f3n Social del CONAFE Josefina Lobera Gracida y el el director de Integraci\u00f3n Social&nbsp; de Personas con Discapacidad, Guillermo S\u00e1nchez Berrones.<\/p>\n","protected":false},"excerpt":{"rendered":"<p>EL OBJETIVO ES ENRIQUECER Y FORTALECER LAS POL\u00cdTICAS P\u00daBLICAS EN FAVOR DE LAS PERSONAS CON DISCAPACIDAD EN SAN LUIS POTOS\u00cd:<\/p>\n","protected":false},"author":1,"featured_media":40022,"comment_status":"open","ping_status":"open","sticky":false,"template":"","format":"standard","meta":[],"categories":[1],"tags":[],"_links":{"self":[{"href":"http:\/\/www.radiodigitaltamazunchale.com\/landing\/wp-json\/wp\/v2\/posts\/40021"}],"collection":[{"href":"http:\/\/www.radiodigitaltamazunchale.com\/landing\/wp-json\/wp\/v2\/posts"}],"about":[{"href":"http:\/\/www.radiodigitaltamazunchale.com\/landing\/wp-json\/wp\/v2\/types\/post"}],"author":[{"embeddable":true,"href":"http:\/\/www.radiodigitaltamazunchale.com\/landing\/wp-json\/wp\/v2\/users\/1"}],"replies":[{"embeddable":true,"href":"http:\/\/www.radiodigitaltamazunchale.com\/landing\/wp-json\/wp\/v2\/comments?post=40021"}],"version-history":[{"count":1,"href":"http:\/\/www.radiodigitaltamazunchale.com\/landing\/wp-json\/wp\/v2\/posts\/40021\/revisions"}],"predecessor-version":[{"id":40023,"href":"http:\/\/www.radiodigitaltamazunchale.com\/landing\/wp-json\/wp\/v2\/posts\/40021\/revisions\/40023"}],"wp:featuredmedia":[{"embeddable":true,"href":"http:\/\/www.radiodigitaltamazunchale.com\/landing\/wp-json\/wp\/v2\/media\/40022"}],"wp:attachment":[{"href":"http:\/\/www.radiodigitaltamazunchale.com\/landing\/wp-json\/wp\/v2\/media?parent=40021"}],"wp:term":[{"taxonomy":"category","embeddable":true,"href":"http:\/\/www.radiodigitaltamazunchale.com\/landing\/wp-json\/wp\/v2\/categories?post=40021"},{"taxonomy":"post_tag","embeddable":true,"href":"http:\/\/www.radiodigitaltamazunchale.com\/landing\/wp-json\/wp\/v2\/tags?post=40021"}],"curies":[{"name":"wp","href":"https:\/\/api.w.org\/{rel}","templated":true}]}}