{"id":40042,"date":"2020-12-01T15:48:00","date_gmt":"2020-12-01T21:48:00","guid":{"rendered":"http:\/\/www.radiodigitaltamazunchale.com\/landing\/?p=40042"},"modified":"2020-12-01T15:48:52","modified_gmt":"2020-12-01T21:48:52","slug":"el-imes-y-la-barra-mexicana-de-abogados-slp-firman-convenio-de-colaboracion","status":"publish","type":"post","link":"http:\/\/www.radiodigitaltamazunchale.com\/landing\/uncategorized\/el-imes-y-la-barra-mexicana-de-abogados-slp-firman-convenio-de-colaboracion\/","title":{"rendered":"EL IMES Y LA BARRA MEXICANA DE ABOGADOS SLP FIRMAN CONVENIO DE COLABORACI\u00d3N"},"content":{"rendered":"\n<ul><li><strong>El Instituto de las Mujeres ofrecer\u00e1 capacitaci\u00f3n a abogadas y abogados.<\/strong><\/li><li><strong>Por su parte, los barristas brindar\u00e1n asesor\u00eda jur\u00eddica a usuarias del IMES.<\/strong><\/li><\/ul>\n\n\n\n<p>Con el objetivo de brindar capacitaci\u00f3n en temas de perspectiva de g\u00e9nero y ofrecer asesor\u00eda jur\u00eddica, la directora general del Instituto de las Mujeres del Estado (IMES), Erika Vel\u00e1zquez Guti\u00e9rrez y el presidente de la Barra Mexicana del Colegio de Abogados A.C., Cap\u00edtulo San Luis Potos\u00ed, Carlos Gustavo Pel\u00e1ez Barrera, signaron un convenio de colaboraci\u00f3n.<\/p>\n\n\n\n<p>Vel\u00e1zquez Guti\u00e9rrez detall\u00f3 que el instituto brindar\u00e1 capacitaci\u00f3n continua en temas de g\u00e9nero y desarrollo humano, derechos humanos de las mujeres, masculinidades, violencia de g\u00e9nero en el \u00e1mbito medi\u00e1tico y publicitario, lenguaje incluyente y no sexista hacia la no discriminaci\u00f3n de las mujeres, entre otros, a las abogadas y abogados que integran la Barra.<\/p>\n\n\n\n<p>Agreg\u00f3 que por su parte, la Barra Mexicana del Colegio de Abogados brindar\u00e1 asesor\u00eda jur\u00eddica a las mujeres que acudan al IMES y que requieran protecci\u00f3n a sus derechos humanos.<br>Como testigos de este convenio y para observar su cumplimiento fueron designados como representantes Celia Pecina Mel\u00e9ndez, responsable del \u00e1rea de Prevenci\u00f3n y Vinculaci\u00f3n; Alejandro Ort\u00edz Hern\u00e1ndez, director del \u00e1rea de atenci\u00f3n ciudadana del IMES y Marcela G\u00f3mez S\u00e1nchez, primera vicepresidenta del Cap\u00edtulo San Luis Potos\u00ed.<\/p>\n","protected":false},"excerpt":{"rendered":"<p>El Instituto de las Mujeres ofrecer\u00e1 capacitaci\u00f3n a abogadas y abogados. Por su parte, los barristas brindar\u00e1n asesor\u00eda jur\u00eddica a<\/p>\n","protected":false},"author":1,"featured_media":40045,"comment_status":"open","ping_status":"open","sticky":false,"template":"","format":"standard","meta":[],"categories":[1],"tags":[],"_links":{"self":[{"href":"http:\/\/www.radiodigitaltamazunchale.com\/landing\/wp-json\/wp\/v2\/posts\/40042"}],"collection":[{"href":"http:\/\/www.radiodigitaltamazunchale.com\/landing\/wp-json\/wp\/v2\/posts"}],"about":[{"href":"http:\/\/www.radiodigitaltamazunchale.com\/landing\/wp-json\/wp\/v2\/types\/post"}],"author":[{"embeddable":true,"href":"http:\/\/www.radiodigitaltamazunchale.com\/landing\/wp-json\/wp\/v2\/users\/1"}],"replies":[{"embeddable":true,"href":"http:\/\/www.radiodigitaltamazunchale.com\/landing\/wp-json\/wp\/v2\/comments?post=40042"}],"version-history":[{"count":1,"href":"http:\/\/www.radiodigitaltamazunchale.com\/landing\/wp-json\/wp\/v2\/posts\/40042\/revisions"}],"predecessor-version":[{"id":40044,"href":"http:\/\/www.radiodigitaltamazunchale.com\/landing\/wp-json\/wp\/v2\/posts\/40042\/revisions\/40044"}],"wp:featuredmedia":[{"embeddable":true,"href":"http:\/\/www.radiodigitaltamazunchale.com\/landing\/wp-json\/wp\/v2\/media\/40045"}],"wp:attachment":[{"href":"http:\/\/www.radiodigitaltamazunchale.com\/landing\/wp-json\/wp\/v2\/media?parent=40042"}],"wp:term":[{"taxonomy":"category","embeddable":true,"href":"http:\/\/www.radiodigitaltamazunchale.com\/landing\/wp-json\/wp\/v2\/categories?post=40042"},{"taxonomy":"post_tag","embeddable":true,"href":"http:\/\/www.radiodigitaltamazunchale.com\/landing\/wp-json\/wp\/v2\/tags?post=40042"}],"curies":[{"name":"wp","href":"https:\/\/api.w.org\/{rel}","templated":true}]}}