{"id":40082,"date":"2020-12-04T15:13:54","date_gmt":"2020-12-04T21:13:54","guid":{"rendered":"http:\/\/www.radiodigitaltamazunchale.com\/landing\/?p=40082"},"modified":"2020-12-04T15:13:56","modified_gmt":"2020-12-04T21:13:56","slug":"se-realiza-conversatorio-con-motivo-del-dia-internacional-de-las-personas-con-discapacidad","status":"publish","type":"post","link":"http:\/\/www.radiodigitaltamazunchale.com\/landing\/uncategorized\/se-realiza-conversatorio-con-motivo-del-dia-internacional-de-las-personas-con-discapacidad\/","title":{"rendered":"SE REALIZA CONVERSATORIO CON MOTIVO DEL DIA INTERNACIONAL DE LAS PERSONAS CON DISCAPACIDAD."},"content":{"rendered":"\n<p><strong>ES UN DI\u00c1LOGO ENTRE ACTORES CLAVES EN LA IMPLEMENTACI\u00d3N DE MECANISMOS DE PROMOCI\u00d3N DE LOS DERECHOS Y BIENESTAR DE LAS PERSONAS CON DISCAPACIDAD.<\/strong><\/p>\n\n\n\n<p>En conmemoraci\u00f3n del D\u00eda Internacional de las Personas con Discapacidad, el Congreso del Estado, a iniciativa del diputado Mart\u00edn Ju\u00e1rez C\u00f3rdova, realiz\u00f3 un Conversatorio, para abrir el di\u00e1logo entre actores claves en la implementaci\u00f3n de mecanismos de promoci\u00f3n de los derechos y el bienestar de las personas con discapacidad en todos los \u00e1mbitos de la sociedad, as\u00ed como la concientizaci\u00f3n sobre su situaci\u00f3n en todos los aspectos de la vida pol\u00edtica, social, econ\u00f3mica y cultural.<\/p>\n\n\n\n<p>El diputado Mart\u00edn Ju\u00e1rez C\u00f3rdova manifest\u00f3 que estas opiniones presentadas por los expertos, permitir\u00e1n desarrollar propuestas para reformar la legislaci\u00f3n estatal para atender las necesidades en la materia, siempre de la mano con las personas con discapacidad para establecer las consultas respectivas.<\/p>\n\n\n\n<p>En su participaci\u00f3n, la Maestra L\u00eddice Rinc\u00f3n Gallardo, presidenta de la Fundaci\u00f3n Gilberto Rinc\u00f3n Gallardo, detall\u00f3 el camino avanzado en M\u00e9xico para lograr establecer a nivel constitucional los mecanismos contra la discriminaci\u00f3n por discapacidad, origen, o raza, entre otros; as\u00ed como la Ley General para la Inclusi\u00f3n de &nbsp;las Personas con Discapacidad.<\/p>\n\n\n\n<p>Recalc\u00f3 que la pol\u00edtica p\u00fablica en materia de discapacidad no debe ser asistencialista, que fomente la sobreprotecci\u00f3n, la infantilizaci\u00f3n, y la dependencia, sino que sea inclusiva y permita mejorar las condiciones de vida de las personas, principalmente en lo relacionado con la educaci\u00f3n inclusiva en las escuelas; la inclusi\u00f3n laboral, y la limitada movilidad y acceso a servicios p\u00fablicos.<\/p>\n\n\n\n<p>Lament\u00f3 que a consecuencia de la pandemia por COVID-19 se siguen presentando casos de discriminaci\u00f3n en los hospitales contra las personas con discapacidad, y los casos de violencia en contra de las mujeres con discapacidad.<\/p>\n\n\n\n<p>En su intervenci\u00f3n, el titular de la Comisi\u00f3n Estatal de Derechos Humanos, Jorge Andr\u00e9s L\u00f3pez Espinoza reconoci\u00f3 el esfuerzo del Congreso del Estado por incluir los postulados de la Convenci\u00f3n Internacional sobre los Derechos de las Personas con Discapacidad, en las adecuaciones a la legislaci\u00f3n estatal, de manera que se establezcan formas de inclusi\u00f3n en las pol\u00edticas p\u00fablicas y que las personas con discapacidad sean consultadas sobre las mismas.<\/p>\n\n\n\n<p>El maestro Rene Fujiwara Apodaca, Director de Educaci\u00f3n Inicial del Consejo Nacional de Fomento Educativo, (CONAFE) se\u00f1al\u00f3 la necesidad de fortalecer las acciones en materia de educaci\u00f3n inclusiva, basadas en la formaci\u00f3n de docentes para atender a los estudiantes con discapacidad en escuelas regulares, y en conjunto con la comunidad educativa y padres de familia.<\/p>\n\n\n\n<p>Se\u00f1al\u00f3 que para lograr una inclusi\u00f3n educativa, se deben atender los siguientes ejes: armonizaci\u00f3n normativa y legislativa; modelos de atenci\u00f3n con acento en la inclusi\u00f3n; fortalecer los sistemas de informaci\u00f3n; la formaci\u00f3n de docentes y capacitaci\u00f3n; contar con centros educativos con accesos para el aprendizaje; y contar con una estrategia de vinculaci\u00f3n para la inclusi\u00f3n.<\/p>\n\n\n\n<p>Dijo que es importante el modificar los aspectos del Sistema Educativo Nacional para hacer m\u00e1s flexibles sus procesos, ya que es un sistema r\u00edgido, y se eliminen las barreras estructurales, normativas y did\u00e1cticas para fortalecer todos los aspectos de la educaci\u00f3n.<\/p>\n\n\n\n<p>La maestra Mar\u00eda Esperanza Rodr\u00edguez Izaguirre, Maestra de Educaci\u00f3n Especial, propuso que en las escuelas de educaci\u00f3n b\u00e1sica se cuente con un docente de educaci\u00f3n especial; y que los planes de estudio para maestros de educaci\u00f3n especial se consideren de educaci\u00f3n inclusiva para beneficio de las personas con discapacidad.<\/p>\n\n\n\n<p>Finalmente, el Licenciado Guillermo S\u00e1nchez Briones, director de integraci\u00f3n social de personas con discapacidad del DIF Estatal, manifest\u00f3 las acciones que se est\u00e1n realizado para apoyo a la educaci\u00f3n inclusiva, as\u00ed como las reformas a la legislaci\u00f3n que permiten una acci\u00f3n del DIF Estatal inclusiva m\u00e1s que asistencialista.<\/p>\n","protected":false},"excerpt":{"rendered":"<p>ES UN DI\u00c1LOGO ENTRE ACTORES CLAVES EN LA IMPLEMENTACI\u00d3N DE MECANISMOS DE PROMOCI\u00d3N DE LOS DERECHOS Y BIENESTAR DE LAS<\/p>\n","protected":false},"author":1,"featured_media":40083,"comment_status":"open","ping_status":"open","sticky":false,"template":"","format":"standard","meta":[],"categories":[1],"tags":[],"_links":{"self":[{"href":"http:\/\/www.radiodigitaltamazunchale.com\/landing\/wp-json\/wp\/v2\/posts\/40082"}],"collection":[{"href":"http:\/\/www.radiodigitaltamazunchale.com\/landing\/wp-json\/wp\/v2\/posts"}],"about":[{"href":"http:\/\/www.radiodigitaltamazunchale.com\/landing\/wp-json\/wp\/v2\/types\/post"}],"author":[{"embeddable":true,"href":"http:\/\/www.radiodigitaltamazunchale.com\/landing\/wp-json\/wp\/v2\/users\/1"}],"replies":[{"embeddable":true,"href":"http:\/\/www.radiodigitaltamazunchale.com\/landing\/wp-json\/wp\/v2\/comments?post=40082"}],"version-history":[{"count":1,"href":"http:\/\/www.radiodigitaltamazunchale.com\/landing\/wp-json\/wp\/v2\/posts\/40082\/revisions"}],"predecessor-version":[{"id":40084,"href":"http:\/\/www.radiodigitaltamazunchale.com\/landing\/wp-json\/wp\/v2\/posts\/40082\/revisions\/40084"}],"wp:featuredmedia":[{"embeddable":true,"href":"http:\/\/www.radiodigitaltamazunchale.com\/landing\/wp-json\/wp\/v2\/media\/40083"}],"wp:attachment":[{"href":"http:\/\/www.radiodigitaltamazunchale.com\/landing\/wp-json\/wp\/v2\/media?parent=40082"}],"wp:term":[{"taxonomy":"category","embeddable":true,"href":"http:\/\/www.radiodigitaltamazunchale.com\/landing\/wp-json\/wp\/v2\/categories?post=40082"},{"taxonomy":"post_tag","embeddable":true,"href":"http:\/\/www.radiodigitaltamazunchale.com\/landing\/wp-json\/wp\/v2\/tags?post=40082"}],"curies":[{"name":"wp","href":"https:\/\/api.w.org\/{rel}","templated":true}]}}