{"id":40117,"date":"2020-12-06T10:11:00","date_gmt":"2020-12-06T16:11:00","guid":{"rendered":"http:\/\/www.radiodigitaltamazunchale.com\/landing\/?p=40117"},"modified":"2020-12-07T10:12:29","modified_gmt":"2020-12-07T16:12:29","slug":"jornaleros-agricolas-son-vulnerables-principalmente-los-ninos-que-no-tienen-ningun-tipo-de-proteccion-o-ayuda-institucional-diputada-vianey-montes-colunga","status":"publish","type":"post","link":"http:\/\/www.radiodigitaltamazunchale.com\/landing\/uncategorized\/jornaleros-agricolas-son-vulnerables-principalmente-los-ninos-que-no-tienen-ningun-tipo-de-proteccion-o-ayuda-institucional-diputada-vianey-montes-colunga\/","title":{"rendered":"JORNALEROS AGR\u00cdCOLAS SON VULNERABLES, PRINCIPALMENTE LOS NI\u00d1OS QUE NO TIENEN NING\u00daN TIPO DE PROTECCI\u00d3N O AYUDA INSTITUCIONAL: DIPUTADA VIANEY MONTES COLUNGA"},"content":{"rendered":"\n<p><strong>A TRAV\u00c9S DE UNA REFORMA SE PRETENDE QUE LAS LEYES LES GARANICEN EL ACCESO A LOS PROGRAMAS SOCIALES<\/strong><\/p>\n\n\n\n<p>La diputada Vianey Montes Colunga presidenta de la Comisi\u00f3n de Desarrollo Territorial Sustentable, se\u00f1al\u00f3 que es importante que las autoridades estatales y federales fortalezcan las acciones de protecci\u00f3n y atenci\u00f3n a los jornaleros agr\u00edcolas.<\/p>\n\n\n\n<p>Se\u00f1al\u00f3 que por su propia situaci\u00f3n que los obliga a laborar en temporadas en determinadas zonas del estado y del pa\u00eds, se vuelven vulnerables, al igual que sus familias que los acompa\u00f1an.<\/p>\n\n\n\n<p>\u201cLos ni\u00f1os quedan muy expuestos y es un tema de verdad muy complicado que yo creo que gobierno federal y todas las instancias gubernamentales deben entrar a atender y apoyarlos\u201d.<\/p>\n\n\n\n<p>Record\u00f3 que recientemente, la Comisi\u00f3n de Desarrollo Rural y Forestal aprob\u00f3 reformas a la Ley de Fomento al Desarrollo Rural Sustentable del Estado de San Luis Potos\u00ed, para que los jornaleros agr\u00edcolas puedan ser beneficiados por los programas gubernamentales, y de esta manera lograr una mejor protecci\u00f3n de sus derechos, a pesar de su condici\u00f3n migratoria.<\/p>\n\n\n\n<p>Esta reforma, permitir\u00e1 garantizar no solamente que se les considere para ser beneficiarios de programas sociales de manera permanente y regular, pues de ello obtendremos mejores condiciones de vida para los jornaleros agr\u00edcolas, principalmente aquellos que pertenecen a las comunidades ind\u00edgenas.<\/p>\n","protected":false},"excerpt":{"rendered":"<p>A TRAV\u00c9S DE UNA REFORMA SE PRETENDE QUE LAS LEYES LES GARANICEN EL ACCESO A LOS PROGRAMAS SOCIALES La diputada<\/p>\n","protected":false},"author":1,"featured_media":40118,"comment_status":"open","ping_status":"open","sticky":false,"template":"","format":"standard","meta":[],"categories":[1],"tags":[],"_links":{"self":[{"href":"http:\/\/www.radiodigitaltamazunchale.com\/landing\/wp-json\/wp\/v2\/posts\/40117"}],"collection":[{"href":"http:\/\/www.radiodigitaltamazunchale.com\/landing\/wp-json\/wp\/v2\/posts"}],"about":[{"href":"http:\/\/www.radiodigitaltamazunchale.com\/landing\/wp-json\/wp\/v2\/types\/post"}],"author":[{"embeddable":true,"href":"http:\/\/www.radiodigitaltamazunchale.com\/landing\/wp-json\/wp\/v2\/users\/1"}],"replies":[{"embeddable":true,"href":"http:\/\/www.radiodigitaltamazunchale.com\/landing\/wp-json\/wp\/v2\/comments?post=40117"}],"version-history":[{"count":1,"href":"http:\/\/www.radiodigitaltamazunchale.com\/landing\/wp-json\/wp\/v2\/posts\/40117\/revisions"}],"predecessor-version":[{"id":40119,"href":"http:\/\/www.radiodigitaltamazunchale.com\/landing\/wp-json\/wp\/v2\/posts\/40117\/revisions\/40119"}],"wp:featuredmedia":[{"embeddable":true,"href":"http:\/\/www.radiodigitaltamazunchale.com\/landing\/wp-json\/wp\/v2\/media\/40118"}],"wp:attachment":[{"href":"http:\/\/www.radiodigitaltamazunchale.com\/landing\/wp-json\/wp\/v2\/media?parent=40117"}],"wp:term":[{"taxonomy":"category","embeddable":true,"href":"http:\/\/www.radiodigitaltamazunchale.com\/landing\/wp-json\/wp\/v2\/categories?post=40117"},{"taxonomy":"post_tag","embeddable":true,"href":"http:\/\/www.radiodigitaltamazunchale.com\/landing\/wp-json\/wp\/v2\/tags?post=40117"}],"curies":[{"name":"wp","href":"https:\/\/api.w.org\/{rel}","templated":true}]}}