{"id":40137,"date":"2020-12-02T10:26:00","date_gmt":"2020-12-02T16:26:00","guid":{"rendered":"http:\/\/www.radiodigitaltamazunchale.com\/landing\/?p=40137"},"modified":"2020-12-07T10:26:47","modified_gmt":"2020-12-07T16:26:47","slug":"el-dif-estatal-impulsa-acciones-para-promover-la-inclusion-de-las-personas-con-discapacidad","status":"publish","type":"post","link":"http:\/\/www.radiodigitaltamazunchale.com\/landing\/uncategorized\/el-dif-estatal-impulsa-acciones-para-promover-la-inclusion-de-las-personas-con-discapacidad\/","title":{"rendered":"EL DIF ESTATAL IMPULSA ACCIONES PARA PROMOVER LA INCLUSI\u00d3N DE LAS PERSONAS CON DISCAPACIDAD"},"content":{"rendered":"\n<ul><li><strong>En el marco de la conmemoraci\u00f3n del D\u00eda Internacional de las Personas con Discapacidad, la instituci\u00f3n reitera su compromiso de avanzar hacia su inclusi\u00f3n plena.&nbsp;<\/strong><strong><\/strong><\/li><\/ul>\n\n\n\n<p>Con motivo de la celebraci\u00f3n del D\u00eda Internacional de las Personas con Discapacidad, este 3 de diciembre, el Sistema Estatal para el Desarrollo Integral de la Familia (DIF), reitera su compromiso para seguir impulsando acciones que permitan la inclusi\u00f3n plena de las personas con discapacidad, as\u00ed como el respeto a sus derechos humanos.&nbsp;<\/p>\n\n\n\n<p>Desde DIF Estatal se trabaja en diversos \u00e1mbitos para promover condiciones, ofrecer servicios y brindar apoyos, que permitan a las personas con discapacidad el acceso a oportunidades, as\u00ed como el desarrollo de habilidades y su inclusi\u00f3n a diversos \u00e1mbitos de la vida.&nbsp;<\/p>\n\n\n\n<p>A trav\u00e9s del Centro de Rehabilitaci\u00f3n y Educaci\u00f3n Especial (CREE), en 5 a\u00f1os se han brindado m\u00e1s de un mill\u00f3n 180 servicios de terapias, consultas especializadas y sesiones de estimulaci\u00f3n temprana, as\u00ed como atenci\u00f3n de primera vez y de trabajo social. Adem\u00e1s, se han expedido m\u00e1s de 12 mil 100 reportes de certificados de discapacidad, m\u00e1s de 7 mil 600 credenciales y se han realizado m\u00e1s de 5 mil 700 sesiones de atenci\u00f3n a madres y padres.&nbsp;&nbsp;<\/p>\n\n\n\n<p>Tambi\u00e9n se han entregado casi 7 mil ayudas t\u00e9cnicas que van desde auxiliares auditivos para personas con discapacidad auditiva; bastones blancos a personas con discapacidad visual; sillas de ruedas y pci, bastones, andaderas, pr\u00f3tesis y \u00f3rtesis a personas con discapacidad f\u00edsica; entre otros apoyos.&nbsp;&nbsp;<\/p>\n\n\n\n<p>A esto se suman m\u00e1s de 8 mil 300 servicios para la fabricaci\u00f3n y reparaci\u00f3n de \u00f3rtesis y pr\u00f3tesis, que mejoran la funcionalidad y con ello las posibilidades de inclusi\u00f3n de las personas. Adicionalmente se realizaron m\u00e1s de 4 mil 800 servicios a personas con discapacidad, en donde destaca la aplicaci\u00f3n de toxina butol\u00ednica.&nbsp;<\/p>\n\n\n\n<p>Con el prop\u00f3sito de fortalecer la atenci\u00f3n que se brinda a personas con discapacidad en todo el Estado, a&nbsp;lo largo de 5 a\u00f1os se han invertido casi 9 millones de pesos en el equipamiento a Unidades B\u00e1sicas de Rehabilitaci\u00f3n las cuales, junto con el Centro de Rehabilitaci\u00f3n Integral, han brindado m\u00e1s de 2 millones 200 mil servicios.&nbsp;&nbsp;<\/p>\n\n\n\n<p>Por otro lado, a trav\u00e9s de la campa\u00f1a Ante Todo Persona, se han difundido los principios de las Convenci\u00f3n de los Derechos de las Personas con Discapacidad, tanto en dependencias p\u00fablicas como entre la poblaci\u00f3n en general. En tanto en sesiones del Consejo T\u00e9cnico Estatal para las Personas con Discapacidad, se trabaja en conjunto con dependencias y organismos civiles, en la evaluaci\u00f3n y creaci\u00f3n de nuevas estrategias para fortalecer las acciones en favor de las personas con discapacidad.&nbsp;&nbsp;<\/p>\n\n\n\n<p>Cabe destacar que con motivo de la contingencia por el Covid 19, fue necesario implementar la atenci\u00f3n a distancia y una vez establecidos protocolos para evitar el riesgo de contagio, se retom\u00f3 la atenci\u00f3n presencial.&nbsp;<\/p>\n\n\n\n<p>La conmemoraci\u00f3n del D\u00eda Internacional de las Personas con Discapacidad, fue declarado en 1992 por la Asamblea General de las Naciones Unidas, con el prop\u00f3sito de que a\u00f1o con a\u00f1o se ponga atenci\u00f3n en la situaci\u00f3n actual de sus derechos humanos, los avances y tareas pendientes. De igual forma es fundamental poner de manifiesto que la inclusi\u00f3n de las personas con discapacidad requiere de la participaci\u00f3n de todas y todos.&nbsp;<\/p>\n\n\n\n<p>Este 2020 el tema de este d\u00eda es Participaci\u00f3n y Liderazgo de las Personas con Discapacidad, que es uno de los objetivos de la Agenda de Desarrollo 2030, el propone lograr el empoderamiento de las personas con discapacidad y su participaci\u00f3n activa para un desarrollo inclusivo, equitativo y sostenible.&nbsp;<\/p>\n","protected":false},"excerpt":{"rendered":"<p>En el marco de la conmemoraci\u00f3n del D\u00eda Internacional de las Personas con Discapacidad, la instituci\u00f3n reitera su compromiso de<\/p>\n","protected":false},"author":1,"featured_media":40138,"comment_status":"open","ping_status":"open","sticky":false,"template":"","format":"standard","meta":[],"categories":[1],"tags":[],"_links":{"self":[{"href":"http:\/\/www.radiodigitaltamazunchale.com\/landing\/wp-json\/wp\/v2\/posts\/40137"}],"collection":[{"href":"http:\/\/www.radiodigitaltamazunchale.com\/landing\/wp-json\/wp\/v2\/posts"}],"about":[{"href":"http:\/\/www.radiodigitaltamazunchale.com\/landing\/wp-json\/wp\/v2\/types\/post"}],"author":[{"embeddable":true,"href":"http:\/\/www.radiodigitaltamazunchale.com\/landing\/wp-json\/wp\/v2\/users\/1"}],"replies":[{"embeddable":true,"href":"http:\/\/www.radiodigitaltamazunchale.com\/landing\/wp-json\/wp\/v2\/comments?post=40137"}],"version-history":[{"count":1,"href":"http:\/\/www.radiodigitaltamazunchale.com\/landing\/wp-json\/wp\/v2\/posts\/40137\/revisions"}],"predecessor-version":[{"id":40139,"href":"http:\/\/www.radiodigitaltamazunchale.com\/landing\/wp-json\/wp\/v2\/posts\/40137\/revisions\/40139"}],"wp:featuredmedia":[{"embeddable":true,"href":"http:\/\/www.radiodigitaltamazunchale.com\/landing\/wp-json\/wp\/v2\/media\/40138"}],"wp:attachment":[{"href":"http:\/\/www.radiodigitaltamazunchale.com\/landing\/wp-json\/wp\/v2\/media?parent=40137"}],"wp:term":[{"taxonomy":"category","embeddable":true,"href":"http:\/\/www.radiodigitaltamazunchale.com\/landing\/wp-json\/wp\/v2\/categories?post=40137"},{"taxonomy":"post_tag","embeddable":true,"href":"http:\/\/www.radiodigitaltamazunchale.com\/landing\/wp-json\/wp\/v2\/tags?post=40137"}],"curies":[{"name":"wp","href":"https:\/\/api.w.org\/{rel}","templated":true}]}}