{"id":40146,"date":"2020-12-03T10:34:00","date_gmt":"2020-12-03T16:34:00","guid":{"rendered":"http:\/\/www.radiodigitaltamazunchale.com\/landing\/?p=40146"},"modified":"2020-12-07T10:35:17","modified_gmt":"2020-12-07T16:35:17","slug":"jm-carreras-y-lvr-conmemoran-el-dia-internacional-de-las-personas-con-discapacidad-2","status":"publish","type":"post","link":"http:\/\/www.radiodigitaltamazunchale.com\/landing\/uncategorized\/jm-carreras-y-lvr-conmemoran-el-dia-internacional-de-las-personas-con-discapacidad-2\/","title":{"rendered":"JM CARRERAS Y LVR CONMEMORAN EL D\u00cdA INTERNACIONAL DE LAS PERSONAS CON DISCAPACIDAD"},"content":{"rendered":"\n<ul><li><strong>Inauguran la exposici\u00f3n colectiva \u00abColor y Vida\u00bb que re\u00fane el trabajo de j\u00f3venes artistas con s\u00edndrome de Down.<\/strong><\/li><\/ul>\n\n\n\n<p>En el marco del D\u00eda Internacional de las Personas con Discapacidad que se conmemora este 3 de diciembre, el Gobernador del Estado, Juan Manuel Carreras L\u00f3pez, y la Presidenta de la Junta Directiva del Sistema Estatal (DIF), Lorena Valle Rodr\u00edguez, inauguraron la exposici\u00f3n pict\u00f3rica colectiva \u00abColor y Vida\u00bb en el Centro de las Artes de San Luis Potos\u00ed, que re\u00fane el talento de diez creadores potosinos con s\u00edndrome de Down pertenecientes al taller de arte de la asociaci\u00f3n civil Int\u00e9grame Down A.C.<\/p>\n\n\n\n<p>Carreras L\u00f3pez, se\u00f1al\u00f3 que lograr la inclusi\u00f3n de las personas con discapacidad es una tarea que nos compete a todas y todos, para hacer valer su derecho a tener las mismas oportunidades, \u201custedes con su talento nos hacen ver el mundo de color, nos dan esa sensaci\u00f3n de esperanza de ser cada d\u00eda una mejor sociedad\u201d, dijo.<\/p>\n\n\n\n<p>En su intervenci\u00f3n, Lorena Valle Rodr\u00edguez dijo que las y los creadores de esta exposici\u00f3n, deben tener la certeza de que cada d\u00eda se trabaja en el sector p\u00fablico y privado en San Luis Potos\u00ed para consolidar la inclusi\u00f3n de las personas con discapacidad, \u201cmuchas felicidades en este d\u00eda tan importante para nuestra sociedad, en el que refrendamos el goce de sus derechos\u201d, manifest\u00f3.<\/p>\n\n\n\n<p>Eudoro Fonseca, director del CEART, indic\u00f3 que esta propuesta es original, que nace de un imaginario limpio, d\u00f3nde se respetan los derechos culturales de todas y todos, para hacer valer la inclusi\u00f3n.<\/p>\n\n\n\n<p>La presidenta de la Asociaci\u00f3n Civil Int\u00e9grame Down, Marisa Gonz\u00e1lez Duque, coment\u00f3 que estos trabajos se materializaron con el apoyo del profesor Eduardo Efr\u00e9n Silva Rocha, titular del taller de pintura perteneciente a esta organizaci\u00f3n, donde se plasman percepciones sobre la vida, im\u00e1genes que viven en la mente de las y los j\u00f3venes creadores, donde comparten sus forma de pensar y es una celebraci\u00f3n de quienes luchan por un mundo con inclusi\u00f3n \u201cFelicidades Cristina, Naoki, Susy, Estrella, Gabriel, H\u00e9ctor, Ram\u00f3n, Diego, Sebasti\u00e1n y H\u00e9ctor, por mostrar su talento en las artes pl\u00e1sticas\u201d, a\u00f1adi\u00f3.<\/p>\n\n\n\n<p>El ni\u00f1o Naoki Nishinoya Gonz\u00e1lez, alumno de Int\u00e9grame Down, explic\u00f3 que esta exposici\u00f3n \u00abes un reflejo del color que existe en nuestras almas, cada trazo habla de lo que vemos de la vida, lo que nos gusta y apasiona, as\u00ed como lo que tenemos que decir al mundo\u201d.<\/p>\n\n\n\n<p>A este evento, que se llev\u00f3 a cabo con el cumplimiento de los protocolos sanitarios establecidos por las autoridades de salud, asisti\u00f3 Eudoro Fonseca Yerena, director del CEART, as\u00ed como familiares de las y los creadores de la exposici\u00f3n.<\/p>\n","protected":false},"excerpt":{"rendered":"<p>Inauguran la exposici\u00f3n colectiva \u00abColor y Vida\u00bb que re\u00fane el trabajo de j\u00f3venes artistas con s\u00edndrome de Down. En el<\/p>\n","protected":false},"author":1,"featured_media":40147,"comment_status":"open","ping_status":"open","sticky":false,"template":"","format":"standard","meta":[],"categories":[1],"tags":[],"_links":{"self":[{"href":"http:\/\/www.radiodigitaltamazunchale.com\/landing\/wp-json\/wp\/v2\/posts\/40146"}],"collection":[{"href":"http:\/\/www.radiodigitaltamazunchale.com\/landing\/wp-json\/wp\/v2\/posts"}],"about":[{"href":"http:\/\/www.radiodigitaltamazunchale.com\/landing\/wp-json\/wp\/v2\/types\/post"}],"author":[{"embeddable":true,"href":"http:\/\/www.radiodigitaltamazunchale.com\/landing\/wp-json\/wp\/v2\/users\/1"}],"replies":[{"embeddable":true,"href":"http:\/\/www.radiodigitaltamazunchale.com\/landing\/wp-json\/wp\/v2\/comments?post=40146"}],"version-history":[{"count":1,"href":"http:\/\/www.radiodigitaltamazunchale.com\/landing\/wp-json\/wp\/v2\/posts\/40146\/revisions"}],"predecessor-version":[{"id":40148,"href":"http:\/\/www.radiodigitaltamazunchale.com\/landing\/wp-json\/wp\/v2\/posts\/40146\/revisions\/40148"}],"wp:featuredmedia":[{"embeddable":true,"href":"http:\/\/www.radiodigitaltamazunchale.com\/landing\/wp-json\/wp\/v2\/media\/40147"}],"wp:attachment":[{"href":"http:\/\/www.radiodigitaltamazunchale.com\/landing\/wp-json\/wp\/v2\/media?parent=40146"}],"wp:term":[{"taxonomy":"category","embeddable":true,"href":"http:\/\/www.radiodigitaltamazunchale.com\/landing\/wp-json\/wp\/v2\/categories?post=40146"},{"taxonomy":"post_tag","embeddable":true,"href":"http:\/\/www.radiodigitaltamazunchale.com\/landing\/wp-json\/wp\/v2\/tags?post=40146"}],"curies":[{"name":"wp","href":"https:\/\/api.w.org\/{rel}","templated":true}]}}