{"id":40155,"date":"2020-12-04T10:38:00","date_gmt":"2020-12-04T16:38:00","guid":{"rendered":"http:\/\/www.radiodigitaltamazunchale.com\/landing\/?p=40155"},"modified":"2020-12-07T10:40:01","modified_gmt":"2020-12-07T16:40:01","slug":"sigue-la-promocion-de-la-campana-no-te-calles-yo-te-creo-dif-estatal","status":"publish","type":"post","link":"http:\/\/www.radiodigitaltamazunchale.com\/landing\/uncategorized\/sigue-la-promocion-de-la-campana-no-te-calles-yo-te-creo-dif-estatal\/","title":{"rendered":"SIGUE LA PROMOCI\u00d3N DE LA CAMPA\u00d1A NO TE CALLES YO TE CREO: DIF ESTATAL"},"content":{"rendered":"\n<ul><li><strong>Tambi\u00e9n se difunde los derechos de ni\u00f1as, ni\u00f1os y adolescentes<\/strong><\/li><\/ul>\n\n\n\n<p>Debido a la situaci\u00f3n actual por la contingencia del Covid-19, las actividades preventivas, de difusi\u00f3n de los derechos de ni\u00f1as, ni\u00f1os y adolescentes, as\u00ed como la capacitaci\u00f3n, se realizan a distancia. A trav\u00e9s de la Direcci\u00f3n de Bienestar Familiar, el Sistema Estatal para el Desarrollo Integral de la Familia (DIF), promueve diversas acciones mediante de medios electr\u00f3nicos y virtuales.<\/p>\n\n\n\n<p>Durante el pasado mes de noviembre con apoyo de los DIF\u00b4s Municipales, se llev\u00f3 a cabo una jornada especial para difundir y alertar sobre el riesgo de abuso sexual hacia la ni\u00f1ez y adolescencia, para reforzar la informaci\u00f3n sobre el tema a la poblaci\u00f3n en general y en especial a ni\u00f1as, ni\u00f1os y adolescentes.<\/p>\n\n\n\n<p>Con el objetivo de favorecer la prevenci\u00f3n, protecci\u00f3n y fomentar la denuncia, se crearon una serie de materiales audiovisuales como parte de la campa\u00f1a No Te Calles Yo Te Creo, los que se dieron a conocer principalmente a trav\u00e9s de plataformas digitales, adem\u00e1s se realizaron acciones de difusi\u00f3n en medios impresos y digitales.<\/p>\n\n\n\n<p>En estas actividades se cont\u00f3 con la participaci\u00f3n de DIFusoras y DIFusores, madres, padres, personal docente, de los DIF\u00b4s Municipales y de las Oficinas Regionales.<\/p>\n\n\n\n<p>En cuanto a la divulgaci\u00f3n de los derechos de ni\u00f1as, ni\u00f1os y adolescentes y con motivo del 31 aniversario de la Convenci\u00f3n sobre los Derechos del Ni\u00f1o, se realiz\u00f3 una conferencia y un di\u00e1logo intergeneracional a distancia, a las que se sumaron personal de los DIF\u00b4s Municipales y de las Oficinas Regionales, as\u00ed como p\u00fablico en general.<\/p>\n\n\n\n<p>La conferencia denominada La Responsabilidad de Servidores P\u00fablicos en la Garant\u00eda de los Derechos de Ni\u00f1as, Ni\u00f1os y Adolescentes, fue impartida a trav\u00e9s de la Procuradur\u00eda de Protecci\u00f3n de Ni\u00f1as, Ni\u00f1os y Adolescentes. En tanto con el Di\u00e1logo Intergeneracional Hablemos de Nuestros Derechos\u201d, se abri\u00f3 un espacio de di\u00e1logo entre DIFusoras, DIFusores y personal de dependencias que trabajan en la protecci\u00f3n de sus derechos.<\/p>\n\n\n\n<p>Adicionalmente, en el marco de la conmemoraci\u00f3n del D\u00eda Internacional de la Eliminaci\u00f3n de la Violencia contra las Mujeres y Ni\u00f1as, se organiz\u00f3 la Jornada Virtual de Prevenci\u00f3n, en la que durante tres d\u00edas se habl\u00f3 sobre las estrategias para prevenir y eliminar el maltrato de g\u00e9nero.<\/p>\n\n\n\n<p>Por otro lado, a invitaci\u00f3n del Consejo Nacional de Fomento Educativo (Conafe), personal de la Direcci\u00f3n de Bienestar Familiar y de los Centros Crecer para la Vida, participaron en el curso-taller Promotores de Paz para formarse como multiplicadores, el cual fue impartido por especialistas de la Secretar\u00eda de Seguridad y Protecci\u00f3n Ciudadana.<\/p>\n\n\n\n<p>El curso se dise\u00f1\u00f3 en cuatro m\u00f3dulos con una metodolog\u00eda interactiva, con el prop\u00f3sito de dar herramientas a las y los participantes para ser agentes sociales que promuevan la participaci\u00f3n activa para el bien com\u00fan, la consolidaci\u00f3n del tejido social y la creaci\u00f3n de una cultura de paz. Los m\u00f3dulos fueron: Construcci\u00f3n social de la violencia; A favor de la Legalidad; Cultura de Paz; y Promotores de Paz.<\/p>\n","protected":false},"excerpt":{"rendered":"<p>Tambi\u00e9n se difunde los derechos de ni\u00f1as, ni\u00f1os y adolescentes Debido a la situaci\u00f3n actual por la contingencia del Covid-19,<\/p>\n","protected":false},"author":1,"featured_media":40156,"comment_status":"open","ping_status":"open","sticky":false,"template":"","format":"standard","meta":[],"categories":[1],"tags":[],"_links":{"self":[{"href":"http:\/\/www.radiodigitaltamazunchale.com\/landing\/wp-json\/wp\/v2\/posts\/40155"}],"collection":[{"href":"http:\/\/www.radiodigitaltamazunchale.com\/landing\/wp-json\/wp\/v2\/posts"}],"about":[{"href":"http:\/\/www.radiodigitaltamazunchale.com\/landing\/wp-json\/wp\/v2\/types\/post"}],"author":[{"embeddable":true,"href":"http:\/\/www.radiodigitaltamazunchale.com\/landing\/wp-json\/wp\/v2\/users\/1"}],"replies":[{"embeddable":true,"href":"http:\/\/www.radiodigitaltamazunchale.com\/landing\/wp-json\/wp\/v2\/comments?post=40155"}],"version-history":[{"count":1,"href":"http:\/\/www.radiodigitaltamazunchale.com\/landing\/wp-json\/wp\/v2\/posts\/40155\/revisions"}],"predecessor-version":[{"id":40157,"href":"http:\/\/www.radiodigitaltamazunchale.com\/landing\/wp-json\/wp\/v2\/posts\/40155\/revisions\/40157"}],"wp:featuredmedia":[{"embeddable":true,"href":"http:\/\/www.radiodigitaltamazunchale.com\/landing\/wp-json\/wp\/v2\/media\/40156"}],"wp:attachment":[{"href":"http:\/\/www.radiodigitaltamazunchale.com\/landing\/wp-json\/wp\/v2\/media?parent=40155"}],"wp:term":[{"taxonomy":"category","embeddable":true,"href":"http:\/\/www.radiodigitaltamazunchale.com\/landing\/wp-json\/wp\/v2\/categories?post=40155"},{"taxonomy":"post_tag","embeddable":true,"href":"http:\/\/www.radiodigitaltamazunchale.com\/landing\/wp-json\/wp\/v2\/tags?post=40155"}],"curies":[{"name":"wp","href":"https:\/\/api.w.org\/{rel}","templated":true}]}}