{"id":40194,"date":"2020-12-08T09:15:52","date_gmt":"2020-12-08T15:15:52","guid":{"rendered":"http:\/\/www.radiodigitaltamazunchale.com\/landing\/?p=40194"},"modified":"2020-12-08T09:15:54","modified_gmt":"2020-12-08T15:15:54","slug":"vacunacion-en-mexico-contra-covid-19-grupos-prioritarios","status":"publish","type":"post","link":"http:\/\/www.radiodigitaltamazunchale.com\/landing\/uncategorized\/vacunacion-en-mexico-contra-covid-19-grupos-prioritarios\/","title":{"rendered":"VACUNACI\u00d3N EN M\u00c9XICO CONTRA COVID-19: GRUPOS PRIORITARIOS"},"content":{"rendered":"\n<p>Hugo L\u00f3pez-Gatell, subsecretario de Salud, remarc\u00f3 que las primeras dosis de las inyecciones ser\u00e1 para el personal de primera l\u00ednea que combate la pandemia.<\/p>\n\n\n\n<p>El Gobierno federal present\u00f3 este martes los primeros detalles del Plan Nacional de Vacunaci\u00f3n contra COVID-19 en M\u00e9xico, en el cual el personal m\u00e9dico que combate la pandemia y los adultos mayores tendr\u00e1n prioridad para recibir la dosis.<\/p>\n\n\n\n<p><strong>Hugo L\u00f3pez-Gatell<\/strong>, subsecretario de Salud, se\u00f1al\u00f3 que la aplicaci\u00f3n de las dosis contra el virus SARS-CoV2-2 seguir\u00e1 este esquema:<\/p>\n\n\n\n<p>1. Trabajadores de la salud<\/p>\n\n\n\n<p>2. Personas de 80 o m\u00e1s a\u00f1os<\/p>\n\n\n\n<p>3. Personas de 70 a 79 a\u00f1os<\/p>\n\n\n\n<p>4. Personas de 60 a 69 a\u00f1os<\/p>\n\n\n\n<p>5. Personas de 50 a 59 a\u00f1os<\/p>\n\n\n\n<p>6. Personas de 40 a 49 a\u00f1os<\/p>\n\n\n\n<p>7. Poblaci\u00f3n menor de 40 a\u00f1os<\/p>\n\n\n\n<p><strong>La primera fase de vacunaci\u00f3n<\/strong>, que va de diciembre de 2020 a febrero de 2021, incluye a los profesionales que atienden la pandemia.<\/p>\n\n\n\n<p>En la siguiente fase&nbsp;<strong>(febrero a abril de 2021)<\/strong>, se vacunar\u00eda al personal de salud que no fue incluido en la etapa previa y a las personas de 60 o m\u00e1s a\u00f1os.<\/p>\n\n\n\n<p>En la tercera etapa (entre abril y mayo de 2021) se inmunizar\u00eda a las personas de entre 50 y 59 a\u00f1os, mientras que en la siguiente se vacunar\u00eda a las personas de entre 40 a 49 a\u00f1os, entre mayo y junio del pr\u00f3ximo a\u00f1o.<\/p>\n\n\n\n<p>La etapa 5 de la campa\u00f1a de vacunaci\u00f3n incluir\u00e1 al resto de la poblaci\u00f3n y se proyecta que inicie en junio de 2021 y se extienda hasta marzo de 2022.<\/p>\n","protected":false},"excerpt":{"rendered":"<p>Hugo L\u00f3pez-Gatell, subsecretario de Salud, remarc\u00f3 que las primeras dosis de las inyecciones ser\u00e1 para el personal de primera l\u00ednea<\/p>\n","protected":false},"author":1,"featured_media":40195,"comment_status":"open","ping_status":"open","sticky":false,"template":"","format":"standard","meta":[],"categories":[1],"tags":[],"_links":{"self":[{"href":"http:\/\/www.radiodigitaltamazunchale.com\/landing\/wp-json\/wp\/v2\/posts\/40194"}],"collection":[{"href":"http:\/\/www.radiodigitaltamazunchale.com\/landing\/wp-json\/wp\/v2\/posts"}],"about":[{"href":"http:\/\/www.radiodigitaltamazunchale.com\/landing\/wp-json\/wp\/v2\/types\/post"}],"author":[{"embeddable":true,"href":"http:\/\/www.radiodigitaltamazunchale.com\/landing\/wp-json\/wp\/v2\/users\/1"}],"replies":[{"embeddable":true,"href":"http:\/\/www.radiodigitaltamazunchale.com\/landing\/wp-json\/wp\/v2\/comments?post=40194"}],"version-history":[{"count":1,"href":"http:\/\/www.radiodigitaltamazunchale.com\/landing\/wp-json\/wp\/v2\/posts\/40194\/revisions"}],"predecessor-version":[{"id":40196,"href":"http:\/\/www.radiodigitaltamazunchale.com\/landing\/wp-json\/wp\/v2\/posts\/40194\/revisions\/40196"}],"wp:featuredmedia":[{"embeddable":true,"href":"http:\/\/www.radiodigitaltamazunchale.com\/landing\/wp-json\/wp\/v2\/media\/40195"}],"wp:attachment":[{"href":"http:\/\/www.radiodigitaltamazunchale.com\/landing\/wp-json\/wp\/v2\/media?parent=40194"}],"wp:term":[{"taxonomy":"category","embeddable":true,"href":"http:\/\/www.radiodigitaltamazunchale.com\/landing\/wp-json\/wp\/v2\/categories?post=40194"},{"taxonomy":"post_tag","embeddable":true,"href":"http:\/\/www.radiodigitaltamazunchale.com\/landing\/wp-json\/wp\/v2\/tags?post=40194"}],"curies":[{"name":"wp","href":"https:\/\/api.w.org\/{rel}","templated":true}]}}