{"id":40221,"date":"2020-12-08T15:28:14","date_gmt":"2020-12-08T21:28:14","guid":{"rendered":"http:\/\/www.radiodigitaltamazunchale.com\/landing\/?p=40221"},"modified":"2020-12-08T15:28:15","modified_gmt":"2020-12-08T21:28:15","slug":"sepasevm-delinea-estrategias-para-fortalecer-la-atencion-de-mujeres-durante-el-periodo-de-pandemia","status":"publish","type":"post","link":"http:\/\/www.radiodigitaltamazunchale.com\/landing\/uncategorized\/sepasevm-delinea-estrategias-para-fortalecer-la-atencion-de-mujeres-durante-el-periodo-de-pandemia\/","title":{"rendered":"SEPASEVM DELINEA ESTRATEGIAS PARA FORTALECER LA ATENCI\u00d3N DE MUJERES DURANTE EL PERIODO DE PANDEMIA"},"content":{"rendered":"\n<ul><li><strong>Se lleva a cabo la XXXIX Sesi\u00f3n ordinaria del organismo de forma virtual&nbsp; cumpliendo con las recomendaciones del sector salud.<\/strong><\/li><li><strong>Ante alza de demanda durante la temporada de contingencia, autoridades refuerzan acciones de prevenci\u00f3n en casas y espacios p\u00fablicos.<\/strong><\/li><\/ul>\n\n\n\n<p>Con el objetivo de complementar las instrucciones del gobernador Juan Manuel Carreras L\u00f3pez de atenci\u00f3n prioritaria a la violencia de g\u00e9nero as\u00ed&nbsp; dar a conocer la din\u00e1mica en la atenci\u00f3n de la violencia contra las mujeres durante la contingencia sanitaria por el virus Covid-19, el funcionariado que integra el Sistema Estatal para la Prevenci\u00f3n, Atenci\u00f3n, Sanci\u00f3n y Erradicaci\u00f3n de la Violencia contra las Mujeres (SEPASEVM) llev\u00f3 a cabo su trig\u00e9sima novena sesi\u00f3n ordinaria, inform\u00f3 Erika Vel\u00e1zquez Guti\u00e9rrez, titular del Instituto de las Mujeres del Estado (IMES).<\/p>\n\n\n\n<p>La directora general del IMES explic\u00f3 de la atenci\u00f3n de marzo a octubre a las mujeres que han sufrido alg\u00fan tipo de violencia durante la contingencia sanitaria. Dijo que si bien hay variaciones en las cifras de usuarias atendidas en el lapso de marzo a octubre, algunas instituciones reportan un incremento en el n\u00famero de usuarias atendidas durante los meses de junio, julio, agosto, septiembre y octubre, ante el regreso de generadores de violencia a sus espacios laborales. &nbsp;<\/p>\n\n\n\n<p>Por ello, siguiendo las indicaciones del Jefe del ejecutivo y del presidente del SEPASEVM Alejandro Leal Tov\u00edas, se acord\u00f3 fortalecer los mecanismos de coordinaci\u00f3n interinstitucional para la adecuada canalizaci\u00f3n y seguimiento de las mujeres v\u00edctimas de violencia, as\u00ed como para la correcta ejecuci\u00f3n de las \u00f3rdenes de protecci\u00f3n; desarrollar diagn\u00f3sticos de las zonas y localidades con mayor n\u00famero de casos de violencia contra las mujeres, para identificar factores de riesgo y &nbsp;necesidades de infraestructura y asegurar la presencia de elementos de seguridad p\u00fablica en los espacios de mayor riesgo de violencia contra las mujeres.<\/p>\n\n\n\n<p>Tambi\u00e9n mejorar las condiciones de infraestructura y alumbrado p\u00fablico para reducir los riesgos de violencia. Rescate de espacios p\u00fablicos. Impulsar la formaci\u00f3n de la ciudadan\u00eda en la aplicaci\u00f3n de estrategias para la prevenci\u00f3n y denuncia segura de la violencia contra las mujeres. Promover la formaci\u00f3n de &nbsp;masculinidades alternativas en zonas de alto riesgo. Dise\u00f1o de los espacios de di\u00e1logo, an\u00e1lisis, capacitaci\u00f3n y sensibilizaci\u00f3n de representantes de los medios de comunicaci\u00f3n sobre g\u00e9nero, derechos humanos, y violencia contra las mujeres.<\/p>\n\n\n\n<p>Adem\u00e1s de garantizar que cada una de las unidades de atenci\u00f3n a mujeres, hijas e hijos en situaci\u00f3n de violencia familiar, cuenten con las condiciones m\u00ednimas-suficientes y monitorear el funcionamiento de la Ruta Cr\u00edtica para la Atenci\u00f3n de Mujeres V\u00edctimas de Violencia de G\u00e9nero.<\/p>\n\n\n\n<p>Vel\u00e1zquez Guti\u00e9rrez recomend\u00f3 gestionar recursos de origen estatal y federal, entre otras fuentes, para el dise\u00f1o e instrumentaci\u00f3n de programas y acciones relacionadas con el desarrollo econ\u00f3mico de las mujeres en situaci\u00f3n de violencia y desarrollar un procedimiento para medir la calidad del servicio de atenci\u00f3n a mujeres v\u00edctimas de violencia de g\u00e9nero por las instituciones responsables.<\/p>\n\n\n\n<p>Enseguida Karina Rangel Castilla, Secretaria Ejecutiva de SPINNA y titular de la &nbsp;unidad de g\u00e9nero de la Secretaria General de Gobierno, dio a conocer los avances de las acciones realizadas para el cumplimiento de la declaratoria de Alerta de Violencia de G\u00e9nero (AVG).<\/p>\n\n\n\n<p>Por su parte, Alejandro Ortiz Hern\u00e1ndez, director del \u00e1rea de Atenci\u00f3n Ciudadana del IMES dio a conocer la revisi\u00f3n de los compromisos pendientes para el cumplimiento del Programa Estatal para la Prevenci\u00f3n, Atenci\u00f3n, Sanci\u00f3n y Erradicaci\u00f3n de la Violencia contra las Mujeres (PEPASEVM).<\/p>\n\n\n\n<p>Finalmente Alejandro Leal Tov\u00edas, Secretario General de Gobierno y presidente del SEPASEVM, clausur\u00f3 la sesi\u00f3n y se\u00f1al\u00f3 que pese a que pandemia ha impactado negativamente en diversos aspectos de la vida social, todas y todos los integrantes del sistema deben de comprometerse en trabajar de manera coordinada para prevenir y atender la violencia contra las mujeres.<\/p>\n","protected":false},"excerpt":{"rendered":"<p>Se lleva a cabo la XXXIX Sesi\u00f3n ordinaria del organismo de forma virtual&nbsp; cumpliendo con las recomendaciones del sector salud.<\/p>\n","protected":false},"author":1,"featured_media":40222,"comment_status":"open","ping_status":"open","sticky":false,"template":"","format":"standard","meta":[],"categories":[1],"tags":[],"_links":{"self":[{"href":"http:\/\/www.radiodigitaltamazunchale.com\/landing\/wp-json\/wp\/v2\/posts\/40221"}],"collection":[{"href":"http:\/\/www.radiodigitaltamazunchale.com\/landing\/wp-json\/wp\/v2\/posts"}],"about":[{"href":"http:\/\/www.radiodigitaltamazunchale.com\/landing\/wp-json\/wp\/v2\/types\/post"}],"author":[{"embeddable":true,"href":"http:\/\/www.radiodigitaltamazunchale.com\/landing\/wp-json\/wp\/v2\/users\/1"}],"replies":[{"embeddable":true,"href":"http:\/\/www.radiodigitaltamazunchale.com\/landing\/wp-json\/wp\/v2\/comments?post=40221"}],"version-history":[{"count":1,"href":"http:\/\/www.radiodigitaltamazunchale.com\/landing\/wp-json\/wp\/v2\/posts\/40221\/revisions"}],"predecessor-version":[{"id":40223,"href":"http:\/\/www.radiodigitaltamazunchale.com\/landing\/wp-json\/wp\/v2\/posts\/40221\/revisions\/40223"}],"wp:featuredmedia":[{"embeddable":true,"href":"http:\/\/www.radiodigitaltamazunchale.com\/landing\/wp-json\/wp\/v2\/media\/40222"}],"wp:attachment":[{"href":"http:\/\/www.radiodigitaltamazunchale.com\/landing\/wp-json\/wp\/v2\/media?parent=40221"}],"wp:term":[{"taxonomy":"category","embeddable":true,"href":"http:\/\/www.radiodigitaltamazunchale.com\/landing\/wp-json\/wp\/v2\/categories?post=40221"},{"taxonomy":"post_tag","embeddable":true,"href":"http:\/\/www.radiodigitaltamazunchale.com\/landing\/wp-json\/wp\/v2\/tags?post=40221"}],"curies":[{"name":"wp","href":"https:\/\/api.w.org\/{rel}","templated":true}]}}