{"id":40276,"date":"2020-12-07T09:32:00","date_gmt":"2020-12-07T15:32:00","guid":{"rendered":"http:\/\/www.radiodigitaltamazunchale.com\/landing\/?p=40276"},"modified":"2020-12-11T09:34:09","modified_gmt":"2020-12-11T15:34:09","slug":"inicia-ceart-periodo-de-inscripciones","status":"publish","type":"post","link":"http:\/\/www.radiodigitaltamazunchale.com\/landing\/uncategorized\/inicia-ceart-periodo-de-inscripciones\/","title":{"rendered":"INICIA CEART PERIODO DE INSCRIPCIONES"},"content":{"rendered":"\n<ul><li><strong>El nuevo programa acad\u00e9mico, disponible del 1 al 18 de diciembre, estar\u00e1 conformado por m\u00faltiples talleres en modalidad virtual, presencial y semipresencial.<\/strong><\/li><li><strong>Las y los interesados podr\u00e1n inscribirse de manera virtual a trav\u00e9s de <\/strong><a href=\"http:\/\/www.ceartslp.gob.mx\"><strong>www.ceartslp.gob.mx<\/strong><\/a><strong><\/strong><\/li><\/ul>\n\n\n\n<p>El Centro de las Artes de San Luis Potos\u00ed (CEART) inici\u00f3 la inscripci\u00f3n a los cursos y talleres para el periodo enero-marzo 2021, que incluye disciplinas de artes esc\u00e9nicas y visuales, en modalidad de clases virtuales, semipresenciales y presenciales, en apego a lo establecido por las autoridades de salud sobre el nivel de riesgo sanitario, inform\u00f3 el secretario de Cultura, Armando Herrera Silva.<\/p>\n\n\n\n<p>El funcionario detall\u00f3 que los periodos de inscripci\u00f3n ser\u00e1n del 1 al 18 de diciembre 2020 y del 4 al 8 de enero de 2021, en modalidad virtual a trav\u00e9s del portal web del Ceart San Luis, donde se encuentra toda la informaci\u00f3n del programa acad\u00e9mico y procesos de inscripciones. Tambi\u00e9n se pueden consultar las redes sociales institucionales en Facebook, Twitter e Instagram.<\/p>\n\n\n\n<p>En el rubro de artes esc\u00e9nicas, se presenta el seminario virtual DetonArte: modelo(s) educativo(s), que incentivar\u00e1 a las y los artistas-docentes a que se conviertan en investigadores de su propia pr\u00e1ctica; este ser\u00e1 impartido sin costo, por Carmen Correa, del 14 al 23 de enero, en horario de jueves y viernes, de 17:00 a 20:00 horas, y s\u00e1bados de 10:00 a 14:00 horas. &nbsp;De igual manera el taller de Hiphop, bajo la instrucci\u00f3n de Izzy Bone, del 09 de febrero al 25 de marzo.<\/p>\n\n\n\n<p>Por su parte, el \u00e1rea de Integraci\u00f3n y literatura, ofrecer\u00e1 el taller de Creaci\u00f3n literaria a cargo de Alexandro Roque, los jueves de 17:00 a 20:00 horas, del 21 de enero al 25 de marzo; as\u00ed como el Caf\u00e9 filos\u00f3fico del Ceart, bajo la instrucci\u00f3n de Jos\u00e9 Luis Medell\u00edn Leal, a desarrollarse los mi\u00e9rcoles de 17:00 a 19:00 horas, en un periodo del 20 de enero al 24 de marzo. Ambos en modalidad virtual mediante la plataforma del Aula Transmedial y clases en vivo a trav\u00e9s de Zoom.<\/p>\n\n\n\n<p>En m\u00fasica se impartir\u00e1 diversidad de talleres virtuales de instrumento enfocados a la m\u00fasica cl\u00e1sica, al jazz, la m\u00fasica popular y el canto, adem\u00e1s de los talleres de ensamble cl\u00e1sico, improvisaci\u00f3n musical y armon\u00eda del jazz; y en lo correspondiente al programa de Gesti\u00f3n cultural, se ofrecer\u00e1n los cursos virtuales de Internacionalizaci\u00f3n de proyectos culturales, y Cr\u00edtica del arte.<\/p>\n\n\n\n<p>Finalmente, el \u00e1rea de artes visuales, que tendr\u00e1 un periodo de inscripciones \u00fanicamente presenciales del 4 al 8 de enero 2021, ofrecer\u00e1 m\u00faltiples talleres de iniciaci\u00f3n en modalidad presencial y semipresencial, en: cer\u00e1mica, serigraf\u00eda, pintura, escultura, fotograf\u00eda y gr\u00e1fica; as\u00ed como el m\u00f3dulo II del Laboratorio de realizaci\u00f3n de cine documental, El dibujo como forma expresiva, y los talleres sabatinos Dibujo para historietas, T\u00e9cnicas de impresi\u00f3n serigr\u00e1fica, y T\u00e9cnicas pict\u00f3ricas: pintura enc\u00e1ustica.<\/p>\n","protected":false},"excerpt":{"rendered":"<p>El nuevo programa acad\u00e9mico, disponible del 1 al 18 de diciembre, estar\u00e1 conformado por m\u00faltiples talleres en modalidad virtual, presencial<\/p>\n","protected":false},"author":1,"featured_media":40277,"comment_status":"open","ping_status":"open","sticky":false,"template":"","format":"standard","meta":[],"categories":[1],"tags":[],"_links":{"self":[{"href":"http:\/\/www.radiodigitaltamazunchale.com\/landing\/wp-json\/wp\/v2\/posts\/40276"}],"collection":[{"href":"http:\/\/www.radiodigitaltamazunchale.com\/landing\/wp-json\/wp\/v2\/posts"}],"about":[{"href":"http:\/\/www.radiodigitaltamazunchale.com\/landing\/wp-json\/wp\/v2\/types\/post"}],"author":[{"embeddable":true,"href":"http:\/\/www.radiodigitaltamazunchale.com\/landing\/wp-json\/wp\/v2\/users\/1"}],"replies":[{"embeddable":true,"href":"http:\/\/www.radiodigitaltamazunchale.com\/landing\/wp-json\/wp\/v2\/comments?post=40276"}],"version-history":[{"count":1,"href":"http:\/\/www.radiodigitaltamazunchale.com\/landing\/wp-json\/wp\/v2\/posts\/40276\/revisions"}],"predecessor-version":[{"id":40278,"href":"http:\/\/www.radiodigitaltamazunchale.com\/landing\/wp-json\/wp\/v2\/posts\/40276\/revisions\/40278"}],"wp:featuredmedia":[{"embeddable":true,"href":"http:\/\/www.radiodigitaltamazunchale.com\/landing\/wp-json\/wp\/v2\/media\/40277"}],"wp:attachment":[{"href":"http:\/\/www.radiodigitaltamazunchale.com\/landing\/wp-json\/wp\/v2\/media?parent=40276"}],"wp:term":[{"taxonomy":"category","embeddable":true,"href":"http:\/\/www.radiodigitaltamazunchale.com\/landing\/wp-json\/wp\/v2\/categories?post=40276"},{"taxonomy":"post_tag","embeddable":true,"href":"http:\/\/www.radiodigitaltamazunchale.com\/landing\/wp-json\/wp\/v2\/tags?post=40276"}],"curies":[{"name":"wp","href":"https:\/\/api.w.org\/{rel}","templated":true}]}}