{"id":40498,"date":"2020-12-22T15:39:27","date_gmt":"2020-12-22T21:39:27","guid":{"rendered":"http:\/\/www.radiodigitaltamazunchale.com\/landing\/?p=40498"},"modified":"2020-12-22T15:39:28","modified_gmt":"2020-12-22T21:39:28","slug":"imes-efectua-su-tercera-reunion-ordinaria-de-la-junta-directiva","status":"publish","type":"post","link":"http:\/\/www.radiodigitaltamazunchale.com\/landing\/uncategorized\/imes-efectua-su-tercera-reunion-ordinaria-de-la-junta-directiva\/","title":{"rendered":"IMES EFECT\u00daA SU TERCERA REUNI\u00d3N ORDINARIA DE LA JUNTA DIRECTIVA"},"content":{"rendered":"\n<ul><li><strong>Se tom\u00f3 protesta a las y los integrantes del Comit\u00e9 de Cultura Institucional para la Igualdad Laboral entre Mujeres y Hombres.<\/strong><\/li><li><strong>Para el 2021, se detallaron los proyectos de fortalecimiento para la atenci\u00f3n de las mujeres en situaci\u00f3n de violencia.<\/strong><\/li><\/ul>\n\n\n\n<p>Con el objetivo de presentar el Programa Operativo Anual (POA) 2021 para la dependencia que ser\u00e1 turnado a la Secretar\u00eda de Finanza de Gobierno del Estado para su aprobaci\u00f3n y adem\u00e1s tomar protesta al Comit\u00e9 de Cultura Institucional para la Igualdad Laboral entre Mujeres y Hombres, se efectu\u00f3 la tercera reuni\u00f3n ordinaria de la Junta Directiva del Instituto de las Mujeres del Estado (IMES), inform\u00f3 Erika Vel\u00e1zquez Guti\u00e9rrez, titular de la dependencia.<\/p>\n\n\n\n<p>La funcionaria indic\u00f3 que dicha reuni\u00f3n se realiz\u00f3 a trav\u00e9s de la plataforma de Zoom, cumpliendo con las medidas sanitarias de distanciamiento. &nbsp;<\/p>\n\n\n\n<p>Una vez tomada la asistencia, se presentaron los proyectos del POA a desarrollar durante el a\u00f1o 2021 como lo son: \u201cConmemoraci\u00f3n del D\u00eda Internacional de la Mujer\u201d (Reconocimiento Mujer Potosina del A\u00f1o 2021), Fortalecimiento a la atenci\u00f3n de las mujeres en situaci\u00f3n de violencia de g\u00e9nero y Campa\u00f1a Estatal de prevenci\u00f3n de la violencia contra las mujeres.<\/p>\n\n\n\n<p>Tambi\u00e9n, Fortalecimiento del Sistema Estatal para Prevenir, Atender, Sancionar y Erradicar la Violencia contra las Mujeres, Conmemoraci\u00f3n 25 de noviembre, D\u00eda Internacional de la No violencia contra las Mujeres, profesionalizaci\u00f3n del personal del Instituto, Fortalecimiento de las Instancias Municipales de las Mujeres en el Estado y Empoderamiento econ\u00f3mico de las mujeres.<\/p>\n\n\n\n<p>Posteriormente, en representaci\u00f3n del Gobernador del Estado y Presidente de la Junta Directiva del Instituto, Juan Manuel Carreras L\u00f3pez, la Secretar\u00eda Ejecutiva del Sistema Nacional de Protecci\u00f3n Integral de Ni\u00f1as, Ni\u00f1os y Adolescentes (SIPINNA) Karina Rangel Castilla, tom\u00f3 protesta a las y los integrantes del Comit\u00e9 de Cultura Institucional para la Igualdad Laboral entre Mujeres y Hombres del IMES.<\/p>\n\n\n\n<p>El comit\u00e9 ser\u00e1 integrado por Erika Vel\u00e1zquez Guti\u00e9rrez, directora general del IMES y coordinadora; Elba Adriana Escalante Mata, directora administrativa y secretaria ejecutiva; Juan Roberto Parra Delgado y Miriam Yuridia Morales Barr\u00f3n representantes de la coordinadora y secretaria ejecutiva, respectivamente.<\/p>\n\n\n\n<p>Como vocales Azalia Donah\u00ed Enriquez Garc\u00eda del \u00e1rea de Investigaci\u00f3n y Evaluaci\u00f3n de Pol\u00edticas; Celia Pescina Mel\u00e9ndez del \u00e1rea de Planeaci\u00f3n y Vinculaci\u00f3n; Mar\u00eda del Carmen Lomel\u00ed Quijano del \u00e1rea de Comunicaci\u00f3n Social y Mar\u00eda de Lourdes Ibarra Amaya del \u00e1rea de Atenci\u00f3n Ciudadana.<\/p>\n\n\n\n<p>Lo anterior se realiz\u00f3 en cumplimiento a lo establecido en el Decreto Administrativo que crea los Comit\u00e9 de Cultura Institucional para la Igualdad Laboral entre Mujeres y Hombres de la dependencia y entidades de la Administraci\u00f3n P\u00fablica, publicado el 24 de mayo de 2019 en el Peri\u00f3dico Oficial del Gobierno del Estado.<\/p>\n","protected":false},"excerpt":{"rendered":"<p>Se tom\u00f3 protesta a las y los integrantes del Comit\u00e9 de Cultura Institucional para la Igualdad Laboral entre Mujeres y<\/p>\n","protected":false},"author":1,"featured_media":40499,"comment_status":"open","ping_status":"open","sticky":false,"template":"","format":"standard","meta":[],"categories":[1],"tags":[],"_links":{"self":[{"href":"http:\/\/www.radiodigitaltamazunchale.com\/landing\/wp-json\/wp\/v2\/posts\/40498"}],"collection":[{"href":"http:\/\/www.radiodigitaltamazunchale.com\/landing\/wp-json\/wp\/v2\/posts"}],"about":[{"href":"http:\/\/www.radiodigitaltamazunchale.com\/landing\/wp-json\/wp\/v2\/types\/post"}],"author":[{"embeddable":true,"href":"http:\/\/www.radiodigitaltamazunchale.com\/landing\/wp-json\/wp\/v2\/users\/1"}],"replies":[{"embeddable":true,"href":"http:\/\/www.radiodigitaltamazunchale.com\/landing\/wp-json\/wp\/v2\/comments?post=40498"}],"version-history":[{"count":1,"href":"http:\/\/www.radiodigitaltamazunchale.com\/landing\/wp-json\/wp\/v2\/posts\/40498\/revisions"}],"predecessor-version":[{"id":40500,"href":"http:\/\/www.radiodigitaltamazunchale.com\/landing\/wp-json\/wp\/v2\/posts\/40498\/revisions\/40500"}],"wp:featuredmedia":[{"embeddable":true,"href":"http:\/\/www.radiodigitaltamazunchale.com\/landing\/wp-json\/wp\/v2\/media\/40499"}],"wp:attachment":[{"href":"http:\/\/www.radiodigitaltamazunchale.com\/landing\/wp-json\/wp\/v2\/media?parent=40498"}],"wp:term":[{"taxonomy":"category","embeddable":true,"href":"http:\/\/www.radiodigitaltamazunchale.com\/landing\/wp-json\/wp\/v2\/categories?post=40498"},{"taxonomy":"post_tag","embeddable":true,"href":"http:\/\/www.radiodigitaltamazunchale.com\/landing\/wp-json\/wp\/v2\/tags?post=40498"}],"curies":[{"name":"wp","href":"https:\/\/api.w.org\/{rel}","templated":true}]}}