{"id":40501,"date":"2020-12-22T15:41:29","date_gmt":"2020-12-22T21:41:29","guid":{"rendered":"http:\/\/www.radiodigitaltamazunchale.com\/landing\/?p=40501"},"modified":"2020-12-22T15:41:30","modified_gmt":"2020-12-22T21:41:30","slug":"cjm-fortalece-perspectiva-de-genero-y-enfoque-de-derechos-humanos-en-actuacion-de-policias","status":"publish","type":"post","link":"http:\/\/www.radiodigitaltamazunchale.com\/landing\/uncategorized\/cjm-fortalece-perspectiva-de-genero-y-enfoque-de-derechos-humanos-en-actuacion-de-policias\/","title":{"rendered":"CJM FORTALECE PERSPECTIVA DE G\u00c9NERO Y ENFOQUE DE DERECHOS HUMANOS EN ACTUACI\u00d3N DE POLIC\u00cdAS"},"content":{"rendered":"\n<p>Para reforzar y mejorar la atenci\u00f3n de los cuerpos polic\u00edacos en materia de G\u00e9nero y Derechos Humanos, el Centro de Justicia para las Mujeres (CJM), proporcion\u00f3 cursos de capacitaci\u00f3n a polic\u00edas de la Unidad Especializada en Atenci\u00f3n de V\u00edctimas de G\u00e9nero de la Secretar\u00eda de Seguridad P\u00fablica del Estado (SSPE), inform\u00f3 la titular de esta dependencia, Julieta M\u00e9ndez Salas.<\/p>\n\n\n\n<p>La funcionaria estatal, detall\u00f3 que se trabaj\u00f3 dos d\u00edas con las y los responsables de las Unidades Especializadas sobre temas como la perspectiva de g\u00e9nero y derechos humanos de las mujeres, con el objetivo de reforzar su actuaci\u00f3n con perspectiva de g\u00e9nero en los momentos en los que les toca intervenir en alg\u00fan auxilio a las mujeres, evitando que se minimicen las situaciones de violencia y que se pueda propiciar una actuaci\u00f3n correcta y oportuna.<\/p>\n\n\n\n<p>Explic\u00f3 que se les aportaron las bases te\u00f3ricas del sistema sexo-g\u00e9nero y los roles construidos a partir de este, as\u00ed como los protocolos aplicados en casos de violencia y los servicios que brindan los cuatro Centros de Justicia del Estado.<\/p>\n\n\n\n<p>M\u00e9ndez Salas se\u00f1al\u00f3 que al ser las y los agentes de la polic\u00eda, el primer contacto con las ni\u00f1as y mujeres que viven violencia, es necesario la capacitaci\u00f3n constante que les permita proteger, orientar a este sector de la poblaci\u00f3n para evitar que vivan episodios de violencia y violaci\u00f3n a sus Derechos Humanos.<\/p>\n\n\n\n<p>Alrededor de 26 elementos responsables de las Unidades Especializadas en Atenci\u00f3n a la Violencia de G\u00e9nero y polic\u00edas de turno de la zona centro, media, huasteca y altiplano pertenecientes a la Secretar\u00eda de Seguridad P\u00fablica Estatal participaron en el taller que dise\u00f1\u00f3 la Unidad de Prevenci\u00f3n del Centro de Justicia.<\/p>\n","protected":false},"excerpt":{"rendered":"<p>Para reforzar y mejorar la atenci\u00f3n de los cuerpos polic\u00edacos en materia de G\u00e9nero y Derechos Humanos, el Centro de<\/p>\n","protected":false},"author":1,"featured_media":40502,"comment_status":"open","ping_status":"open","sticky":false,"template":"","format":"standard","meta":[],"categories":[1],"tags":[],"_links":{"self":[{"href":"http:\/\/www.radiodigitaltamazunchale.com\/landing\/wp-json\/wp\/v2\/posts\/40501"}],"collection":[{"href":"http:\/\/www.radiodigitaltamazunchale.com\/landing\/wp-json\/wp\/v2\/posts"}],"about":[{"href":"http:\/\/www.radiodigitaltamazunchale.com\/landing\/wp-json\/wp\/v2\/types\/post"}],"author":[{"embeddable":true,"href":"http:\/\/www.radiodigitaltamazunchale.com\/landing\/wp-json\/wp\/v2\/users\/1"}],"replies":[{"embeddable":true,"href":"http:\/\/www.radiodigitaltamazunchale.com\/landing\/wp-json\/wp\/v2\/comments?post=40501"}],"version-history":[{"count":1,"href":"http:\/\/www.radiodigitaltamazunchale.com\/landing\/wp-json\/wp\/v2\/posts\/40501\/revisions"}],"predecessor-version":[{"id":40503,"href":"http:\/\/www.radiodigitaltamazunchale.com\/landing\/wp-json\/wp\/v2\/posts\/40501\/revisions\/40503"}],"wp:featuredmedia":[{"embeddable":true,"href":"http:\/\/www.radiodigitaltamazunchale.com\/landing\/wp-json\/wp\/v2\/media\/40502"}],"wp:attachment":[{"href":"http:\/\/www.radiodigitaltamazunchale.com\/landing\/wp-json\/wp\/v2\/media?parent=40501"}],"wp:term":[{"taxonomy":"category","embeddable":true,"href":"http:\/\/www.radiodigitaltamazunchale.com\/landing\/wp-json\/wp\/v2\/categories?post=40501"},{"taxonomy":"post_tag","embeddable":true,"href":"http:\/\/www.radiodigitaltamazunchale.com\/landing\/wp-json\/wp\/v2\/tags?post=40501"}],"curies":[{"name":"wp","href":"https:\/\/api.w.org\/{rel}","templated":true}]}}