{"id":40569,"date":"2020-12-27T09:27:00","date_gmt":"2020-12-27T15:27:00","guid":{"rendered":"http:\/\/www.radiodigitaltamazunchale.com\/landing\/?p=40569"},"modified":"2020-12-28T09:28:03","modified_gmt":"2020-12-28T15:28:03","slug":"congreso-del-estado-elegira-al-mejor-perfil-para-ocupar-la-presidencia-de-la-cedh","status":"publish","type":"post","link":"http:\/\/www.radiodigitaltamazunchale.com\/landing\/uncategorized\/congreso-del-estado-elegira-al-mejor-perfil-para-ocupar-la-presidencia-de-la-cedh\/","title":{"rendered":"CONGRESO DEL ESTADO ELEGIR\u00c1 AL MEJOR PERFIL PARA OCUPAR LA PRESIDENCIA DE LA CEDH."},"content":{"rendered":"\n<p><strong>EL PERFIL QUE DEBE TENER SENSIBILIDAD Y CAPACIDAD DE ESCUCHA A LAS DEMANDAS SOCIALES: DIP MARITE HERN\u00c1NDEZ CORREA.<\/strong><\/p>\n\n\n\n<p>La diputada Marite Hern\u00e1ndez Correa, presidenta de la Comisi\u00f3n de Derechos Humanos, Igualdad y G\u00e9nero indic\u00f3 que uno de los temas que se estar\u00e1 desarrollando en los pr\u00f3ximos d\u00edas, ser\u00e1 la recepci\u00f3n de las propuestas &nbsp;para la renovaci\u00f3n de la presidencia de la Comisi\u00f3n Estatal de Derechos Humanos.<\/p>\n\n\n\n<p>Record\u00f3 que el Pleno del Congreso del Estado ya aprob\u00f3 la Convocatoria a la ciudadan\u00eda para presentar solicitudes y propuestas para la elecci\u00f3n del titular de la Presidencia, as\u00ed como de las personas que integran el Consejo, de la Comisi\u00f3n Estatal de Derechos Humanos para el periodo del uno de abril de 2021 al 31 de marzo de 2025.<\/p>\n\n\n\n<p>\u201cTenemos enormes retos, precisamente ya se lanza la convocatoria para el ombudsman a nivel estatal y me parece que el perfil debe tener sensibilidad y capacidad de escucha a las demandas sociales y tenemos un trabajo importante para la integraci\u00f3n de la persona que presida la Comisi\u00f3n Estatal de Derechos Humanos representando los intereses de la ciudadan\u00eda\u201d.<\/p>\n\n\n\n<p>Se\u00f1al\u00f3 que adem\u00e1s, se revisar\u00e1n los pendientes en la Comisi\u00f3n de Derechos Humanos, Igualdad y G\u00e9nero para dictaminar a la brevedad y presentarlos al pleno para su votaci\u00f3n.<\/p>\n\n\n\n<p>La Comisi\u00f3n de Derechos Humanos, Igualdad y G\u00e9nero est\u00e1 integrada por los diputados: Marite Hern\u00e1ndez Correa, como presidenta; Alejandra Vald\u00e9s Mart\u00ednez, como vicepresidenta; Martha Barajas Garc\u00eda, como secretaria; y como vocales, Pedro C\u00e9sar Carrizales Becerra, Ang\u00e9lica Mendoza Camacho, Isabel Gonz\u00e1lez Tovar; y Rolando Hervert Lara.<\/p>\n","protected":false},"excerpt":{"rendered":"<p>EL PERFIL QUE DEBE TENER SENSIBILIDAD Y CAPACIDAD DE ESCUCHA A LAS DEMANDAS SOCIALES: DIP MARITE HERN\u00c1NDEZ CORREA. La diputada<\/p>\n","protected":false},"author":1,"featured_media":40570,"comment_status":"open","ping_status":"open","sticky":false,"template":"","format":"standard","meta":[],"categories":[1],"tags":[],"_links":{"self":[{"href":"http:\/\/www.radiodigitaltamazunchale.com\/landing\/wp-json\/wp\/v2\/posts\/40569"}],"collection":[{"href":"http:\/\/www.radiodigitaltamazunchale.com\/landing\/wp-json\/wp\/v2\/posts"}],"about":[{"href":"http:\/\/www.radiodigitaltamazunchale.com\/landing\/wp-json\/wp\/v2\/types\/post"}],"author":[{"embeddable":true,"href":"http:\/\/www.radiodigitaltamazunchale.com\/landing\/wp-json\/wp\/v2\/users\/1"}],"replies":[{"embeddable":true,"href":"http:\/\/www.radiodigitaltamazunchale.com\/landing\/wp-json\/wp\/v2\/comments?post=40569"}],"version-history":[{"count":1,"href":"http:\/\/www.radiodigitaltamazunchale.com\/landing\/wp-json\/wp\/v2\/posts\/40569\/revisions"}],"predecessor-version":[{"id":40571,"href":"http:\/\/www.radiodigitaltamazunchale.com\/landing\/wp-json\/wp\/v2\/posts\/40569\/revisions\/40571"}],"wp:featuredmedia":[{"embeddable":true,"href":"http:\/\/www.radiodigitaltamazunchale.com\/landing\/wp-json\/wp\/v2\/media\/40570"}],"wp:attachment":[{"href":"http:\/\/www.radiodigitaltamazunchale.com\/landing\/wp-json\/wp\/v2\/media?parent=40569"}],"wp:term":[{"taxonomy":"category","embeddable":true,"href":"http:\/\/www.radiodigitaltamazunchale.com\/landing\/wp-json\/wp\/v2\/categories?post=40569"},{"taxonomy":"post_tag","embeddable":true,"href":"http:\/\/www.radiodigitaltamazunchale.com\/landing\/wp-json\/wp\/v2\/tags?post=40569"}],"curies":[{"name":"wp","href":"https:\/\/api.w.org\/{rel}","templated":true}]}}