{"id":41169,"date":"2021-01-22T09:31:00","date_gmt":"2021-01-22T15:31:00","guid":{"rendered":"http:\/\/www.radiodigitaltamazunchale.com\/landing\/?p=41169"},"modified":"2021-01-25T09:34:10","modified_gmt":"2021-01-25T15:34:10","slug":"slp-entre-los-estados-con-menor-indice-de-perdida-de-empleos-durante-la-pandemia-mln","status":"publish","type":"post","link":"http:\/\/www.radiodigitaltamazunchale.com\/landing\/uncategorized\/slp-entre-los-estados-con-menor-indice-de-perdida-de-empleos-durante-la-pandemia-mln\/","title":{"rendered":"SLP ENTRE LOS ESTADOS CON MENOR \u00cdNDICE DE P\u00c9RDIDA DE EMPLEOS DURANTE LA PANDEMIA: MLN"},"content":{"rendered":"\n<ul><li><strong>La medici\u00f3n de acuerdo a datos del \u00faltimo reporte del Instituto Mexicano del Seguro Social.<\/strong><\/li><li><strong>La entidad potosina se ubica en la novena posici\u00f3n a nivel nacional con menor p\u00e9rdida de empleos durante la contingencia sanitaria.<\/strong><\/li><\/ul>\n\n\n\n<p>El titular de la Secretar\u00eda del Trabajo y Previsi\u00f3n Social del Gobierno del Estado (STPS), Manuel Lozano Nieto, inform\u00f3 que San Luis Potos\u00ed se encuentra dentro de los diez estados de todo el pa\u00eds con menor porcentaje de p\u00e9rdida de empleos durante el periodo de la pandemia de Covid-19.<\/p>\n\n\n\n<p>Lozano Nieto estableci\u00f3 que de acuerdo a datos proporcionados por el Instituto Mexicano del Seguro Social (IMSS), la entidad se coloca en la novena posici\u00f3n con menor p\u00e9rdida, luego de que se diera conocer el m\u00e1s reciente reporte mensual que registr\u00f3 1.5 por ciento menos de puestos laborales.<\/p>\n\n\n\n<p>\u201cLos cierres de a\u00f1o, hist\u00f3ricamente son complejos para los registros de alta de empleos, sin embargo, con la disposici\u00f3n de empresas y patrones se logr\u00f3 que el impacto fuera menor, especialmente en un a\u00f1o tan complejo como el 2020 que fue azotado por la pandemia que provoc\u00f3 una emergencia sanitaria\u201d explic\u00f3.<\/p>\n\n\n\n<p>Finalmente, el titular de la STPS mencion\u00f3 que a pesar del balance negativo del a\u00f1o anterior en cuanto a p\u00e9rdida de empleos, el \u00faltimo trimestre registr\u00f3 una mejor\u00eda que alienta para seguir en la b\u00fasqueda de generar las herramientas necesarias para crecer las cifras de empleo, sin descuidar el fomento al autoempleo y apoyo al emprendedurismo, buscando la recuperaci\u00f3n econ\u00f3mica.<\/p>\n","protected":false},"excerpt":{"rendered":"<p>La medici\u00f3n de acuerdo a datos del \u00faltimo reporte del Instituto Mexicano del Seguro Social. La entidad potosina se ubica<\/p>\n","protected":false},"author":1,"featured_media":41175,"comment_status":"open","ping_status":"open","sticky":false,"template":"","format":"standard","meta":[],"categories":[1],"tags":[],"_links":{"self":[{"href":"http:\/\/www.radiodigitaltamazunchale.com\/landing\/wp-json\/wp\/v2\/posts\/41169"}],"collection":[{"href":"http:\/\/www.radiodigitaltamazunchale.com\/landing\/wp-json\/wp\/v2\/posts"}],"about":[{"href":"http:\/\/www.radiodigitaltamazunchale.com\/landing\/wp-json\/wp\/v2\/types\/post"}],"author":[{"embeddable":true,"href":"http:\/\/www.radiodigitaltamazunchale.com\/landing\/wp-json\/wp\/v2\/users\/1"}],"replies":[{"embeddable":true,"href":"http:\/\/www.radiodigitaltamazunchale.com\/landing\/wp-json\/wp\/v2\/comments?post=41169"}],"version-history":[{"count":1,"href":"http:\/\/www.radiodigitaltamazunchale.com\/landing\/wp-json\/wp\/v2\/posts\/41169\/revisions"}],"predecessor-version":[{"id":41176,"href":"http:\/\/www.radiodigitaltamazunchale.com\/landing\/wp-json\/wp\/v2\/posts\/41169\/revisions\/41176"}],"wp:featuredmedia":[{"embeddable":true,"href":"http:\/\/www.radiodigitaltamazunchale.com\/landing\/wp-json\/wp\/v2\/media\/41175"}],"wp:attachment":[{"href":"http:\/\/www.radiodigitaltamazunchale.com\/landing\/wp-json\/wp\/v2\/media?parent=41169"}],"wp:term":[{"taxonomy":"category","embeddable":true,"href":"http:\/\/www.radiodigitaltamazunchale.com\/landing\/wp-json\/wp\/v2\/categories?post=41169"},{"taxonomy":"post_tag","embeddable":true,"href":"http:\/\/www.radiodigitaltamazunchale.com\/landing\/wp-json\/wp\/v2\/tags?post=41169"}],"curies":[{"name":"wp","href":"https:\/\/api.w.org\/{rel}","templated":true}]}}