{"id":41170,"date":"2021-01-22T09:31:00","date_gmt":"2021-01-22T15:31:00","guid":{"rendered":"http:\/\/www.radiodigitaltamazunchale.com\/landing\/?p=41170"},"modified":"2021-01-25T09:33:21","modified_gmt":"2021-01-25T15:33:21","slug":"cefim-y-ase-capacitan-a-municipios-para-el-proceso-de-entrega-recepcion","status":"publish","type":"post","link":"http:\/\/www.radiodigitaltamazunchale.com\/landing\/uncategorized\/cefim-y-ase-capacitan-a-municipios-para-el-proceso-de-entrega-recepcion\/","title":{"rendered":"CEFIM Y ASE CAPACITAN A MUNICIPIOS PARA EL PROCESO DE ENTREGA \u2013 RECEPCI\u00d3N"},"content":{"rendered":"\n<ul><li><strong>Las autoridades municipales que soliciten licencias temporales deber\u00e1n de cumplir con una entrega \u2013 recepci\u00f3n individual.&nbsp; <\/strong><strong><\/strong><\/li><li><strong>Las comisiones de recepci\u00f3n se deber\u00e1n integrar 45 d\u00edas naturales antes del acto protocolario de Entrega \u2013 Recepci\u00f3n que se llevar\u00e1 a cabo el 17 de agosto del 2021, donde los Cabildos deber\u00e1n tener integradas las comisiones de Entrega \u2013 Recepci\u00f3n.<\/strong><\/li><li><strong>El corte del proceso se har\u00e1 el 31 de julio de este a\u00f1o.<\/strong><strong><\/strong><\/li><\/ul>\n\n\n\n<p>Para dar paso a un nuevo ordenamiento municipal que permita llevar a cabo mejores pr\u00e1cticas de transparencia y rendici\u00f3n de cuentas, la Coordinaci\u00f3n Estatal para el Fortalecimiento Institucional de los Municipios (CEFIM), y la Auditor\u00eda Superior del Estado (ASE), organizaron el curso en l\u00ednea \u201cProceso de Entrega \u2013 Recepci\u00f3n en la Administraci\u00f3n P\u00fablica Municipal\u201d.<\/p>\n\n\n\n<p>Durante el evento en l\u00ednea, el Subdirector de Profesionalizaci\u00f3n del Servicio P\u00fablico Municipal, Jos\u00e9 Abel Fuentes Guzm\u00e1n, precis\u00f3 que \u201cgracias al curso los m\u00e1s de 200 participantes conocieron a fondo el articulado de la Ley de entrega \u2013 recepci\u00f3n con el que deber\u00e1n de cumplir, con el objetivo de asegurar la continuidad del trabajo municipal y la prestaci\u00f3n de servicios p\u00fablicos; debemos trabajar para tener entregas oportunas, transparentes, ordenadas y completas por parte de las autoridades y funcionarios municipales\u201d.<\/p>\n\n\n\n<p>En el foro se cont\u00f3 con la participaci\u00f3n del auditor especial de Fiscalizaci\u00f3n Municipal y sus Organismos Descentralizados de la ASE, Ismael Torres Rodr\u00edguez, quien brind\u00f3 a las y los participantes un panorama del articulado y los formatos que establece la legislaci\u00f3n actual, adem\u00e1s de los plazos a cumplir.<\/p>\n\n\n\n<p>Explic\u00f3 que las autoridades municipales que soliciten licencias temporales para participar en el pr\u00f3ximo proceso electoral, deber\u00e1n integrar una entrega \u2013 recepci\u00f3n individual, mientras que la fase final estar\u00e1 directamente supervisada por la Auditor\u00eda; asimismo, todos los municipios integrar\u00e1n los \u00f3rganos de control interno quienes ser\u00e1n los encargados de revisar y hacer cumplir todas la Entrega \u2013 Recepci\u00f3n individuales.<\/p>\n\n\n\n<p>De acuerdo a la Ley, el corte del proceso ser\u00e1 el 31 de julio de este a\u00f1o y para el 17 de agosto, se tendr\u00e1 que realizar el acto protocolario de Entrega \u2013 Recepci\u00f3n.<\/p>\n\n\n\n<p>El auditor especial indic\u00f3 adem\u00e1s que no se debe dejar carga financiera a la pr\u00f3xima administraci\u00f3n, ni obras inconclusas porque se estar\u00eda violentando la Ley, adem\u00e1s de que las cuentas por cobrar se tendr\u00e1n que reportar en cero y sin movimiento.<\/p>\n\n\n\n<p>\u201cLos servidores p\u00fablicos municipales deber\u00e1n cumplir con los 93 formatos que marca la Ley, adem\u00e1s de la integraci\u00f3n de un expediente que ser\u00e1 entregado a la pr\u00f3xima administraci\u00f3n\u201d, apunt\u00f3 el funcionario estatal.<\/p>\n","protected":false},"excerpt":{"rendered":"<p>Las autoridades municipales que soliciten licencias temporales deber\u00e1n de cumplir con una entrega \u2013 recepci\u00f3n individual.&nbsp; Las comisiones de recepci\u00f3n<\/p>\n","protected":false},"author":1,"featured_media":41173,"comment_status":"open","ping_status":"open","sticky":false,"template":"","format":"standard","meta":[],"categories":[1],"tags":[],"_links":{"self":[{"href":"http:\/\/www.radiodigitaltamazunchale.com\/landing\/wp-json\/wp\/v2\/posts\/41170"}],"collection":[{"href":"http:\/\/www.radiodigitaltamazunchale.com\/landing\/wp-json\/wp\/v2\/posts"}],"about":[{"href":"http:\/\/www.radiodigitaltamazunchale.com\/landing\/wp-json\/wp\/v2\/types\/post"}],"author":[{"embeddable":true,"href":"http:\/\/www.radiodigitaltamazunchale.com\/landing\/wp-json\/wp\/v2\/users\/1"}],"replies":[{"embeddable":true,"href":"http:\/\/www.radiodigitaltamazunchale.com\/landing\/wp-json\/wp\/v2\/comments?post=41170"}],"version-history":[{"count":1,"href":"http:\/\/www.radiodigitaltamazunchale.com\/landing\/wp-json\/wp\/v2\/posts\/41170\/revisions"}],"predecessor-version":[{"id":41174,"href":"http:\/\/www.radiodigitaltamazunchale.com\/landing\/wp-json\/wp\/v2\/posts\/41170\/revisions\/41174"}],"wp:featuredmedia":[{"embeddable":true,"href":"http:\/\/www.radiodigitaltamazunchale.com\/landing\/wp-json\/wp\/v2\/media\/41173"}],"wp:attachment":[{"href":"http:\/\/www.radiodigitaltamazunchale.com\/landing\/wp-json\/wp\/v2\/media?parent=41170"}],"wp:term":[{"taxonomy":"category","embeddable":true,"href":"http:\/\/www.radiodigitaltamazunchale.com\/landing\/wp-json\/wp\/v2\/categories?post=41170"},{"taxonomy":"post_tag","embeddable":true,"href":"http:\/\/www.radiodigitaltamazunchale.com\/landing\/wp-json\/wp\/v2\/tags?post=41170"}],"curies":[{"name":"wp","href":"https:\/\/api.w.org\/{rel}","templated":true}]}}