{"id":4496,"date":"2017-06-09T13:24:42","date_gmt":"2017-06-09T19:24:42","guid":{"rendered":"http:\/\/www.radiodigitaltamazunchale.com\/landing\/?p=4496"},"modified":"2017-06-09T13:24:42","modified_gmt":"2017-06-09T19:24:42","slug":"dif-nacional-y-estatal-entregan-unidades-de-transporte-para-personas-con-discapacidad","status":"publish","type":"post","link":"http:\/\/www.radiodigitaltamazunchale.com\/landing\/uncategorized\/dif-nacional-y-estatal-entregan-unidades-de-transporte-para-personas-con-discapacidad\/","title":{"rendered":"DIF NACIONAL Y ESTATAL ENTREGAN UNIDADES DE TRANSPORTE PARA PERSONAS CON DISCAPACIDAD"},"content":{"rendered":"<ul>\n<li style=\"font-weight: 400;\"><span style=\"font-weight: 400;\">JM Carreras destaca compromiso para tener un SLP M\u00e1s Incluyente.<\/span><\/li>\n<li style=\"font-weight: 400;\"><span style=\"font-weight: 400;\">SLP ser\u00e1 de las primeras entidades del pa\u00eds en contra con una infraestructura en todos los municipios para atender a personas con discapacidad: DIF<\/span><\/li>\n<\/ul>\n<p><span style=\"font-weight: 400;\">Para tener un San Luis Potos\u00ed m\u00e1s incluyente, con una inversi\u00f3n de 30 millones de pesos del Fondo para la Accesibilidad en el Transporte P\u00fablico para Personas con Discapacidad, el Gobernador del Estado Juan Manuel Carreras L\u00f3pez, y las presidentas de los Sistemas DIF Nacional, Laura Barrera Fortoul y de la entidad Lorena Valle Rodr\u00edguez, entregaron 17 veh\u00edculos y 12 camiones de transporte p\u00fablico adaptados para que personas con discapacidad motriz accedan al servicio de manera gratuita, as\u00ed como 200 sillas de ruedas.<\/span><\/p>\n<p><span style=\"font-weight: 400;\">Barrera Fortoul, destac\u00f3 que con la gesti\u00f3n conjunta de recursos entre nuestro estado y la federaci\u00f3n, San Luis Potos\u00ed ser\u00e1 de las primeras entidades del pa\u00eds en tener una cobertura total en infraestructura para atender a personas con discapacidad, por lo que dijo que las autoridades municipales a las que se les entregaron unidades adaptadas, podr\u00e1n llevar a personas con discapacidad desde las comunidades m\u00e1s alejadas a las Unidades B\u00e1sicas de Rehabilitaci\u00f3n, ya que en el estado se tiene una cobertura de 55 centros.<\/span><\/p>\n<p><span style=\"font-weight: 400;\">Reconoci\u00f3 el modelo \u201cCrecer para la Vida\u201d que se implementa en San Luis Potos\u00ed y es \u00fanico a nivel nacional para atender a ni\u00f1os, ni\u00f1as y adolescentes que a pesar de contar con un hogar, se encuentran en condici\u00f3n de calle; que tiene como fin inculcar valores que no encuentran en sus hogares.<\/span><\/p>\n<p><span style=\"font-weight: 400;\">Para fortalecer el desarrollo integral de las familias de la entidad, los Sistemas Nacional y Estatal firmaron el convenio de colaboraci\u00f3n que permitir\u00e1 a la entidad contar con el respaldo de la federaci\u00f3n para la construcci\u00f3n de la sede de la Procuradur\u00eda para la Defensa de Ni\u00f1os, Ni\u00f1as y Adolescentes.<\/span><\/p>\n<p><span style=\"font-weight: 400;\">Lorena Valle resalt\u00f3 en su participaci\u00f3n, la coordinaci\u00f3n y compromiso la\u00a0 presidencia del Consejo Ciudadano Consultivo del\u00a0DIF Ang\u00e9lica Rivera de Pe\u00f1a, para que en San Luis Potos\u00ed se reduzca cada vez m\u00e1s la brecha de desigualdad e incluir a las personas con alguna discapacidad a nuestra sociedad.<\/span><\/p>\n<p><span style=\"font-weight: 400;\">En este mismo evento, Juan Manuel Carreras dio el banderazo de salida a 12 unidades de transporte p\u00fablico adaptado para personas con discapacidad, este esfuerzo conjunto entre el gobierno estatal y permisionarios permitir\u00e1 que personas con discapacidad motriz accedan al servicio de rutas en horario matutino y vespertino, proyecto que est\u00e1 enfocado en rutas dirigidas a los hospitales General de Soledad, Del Ni\u00f1o y la Mujer y Central, as\u00ed como a centros m\u00e9dicos del IMSS, ISSSTE, Cruz Roja y universidades.<\/span><\/p>\n<p><span style=\"font-weight: 400;\">Este proyecto \u2013explico el mandatario estatal-, cuenta con una inversi\u00f3n de 16 millones de pesos, que se ha consolidado desde el inicio de esta administraci\u00f3n que incluye en desarrollo de infraestructura y unidades.<\/span><\/p>\n<p><span style=\"font-weight: 400;\">De la misma manera, se entregaron ayuda t\u00e9cnicas para personas con discapacidad motriz de los municipios de Tierra Nueva, Cedral, C\u00e1rdenas, Lagunillas, Ciudad Valles, Tancanhuitz, Tampamol\u00f3n, Tamu\u00edn y Tamazunchale con una inversi\u00f3n de 244 mil pesos; al tiempo en que el DIF nacional entreg\u00f3 un vale por 200 ayudas m\u00e1s.<\/span><\/p>\n<p><span style=\"font-weight: 400;\">Adem\u00e1s Laura Barrera Fortoul y Lorena Valle Rodr\u00edguez sostuvieron una reuni\u00f3n de trabajo con el equipo directivo del Sistema Estatal DIF, donde se expusieron los resultados alcanzados por la instituci\u00f3n y los programas innovadores que se han impulsado. Como parte de las actividades de su visita, la Directora del DIF Nacional tambi\u00e9n conoci\u00f3 el proyecto de construcci\u00f3n del nuevo edificio de la PPNNA y el albergue, as\u00ed como los avances del edificio del programa Crecer para la Vida. <\/span><\/p>\n<p><span style=\"font-weight: 400;\">Del mismo modo, visit\u00f3 las instalaciones del Centro de Rehabilitaci\u00f3n y Educaci\u00f3n Especial, en donde conoci\u00f3 los servicios de rehabilitaci\u00f3n y la atenci\u00f3n integral que se ofrece a las personas con discapacidad, para lograr su inclusi\u00f3n. Ah\u00ed hizo entreg\u00f3 de constancias de inscripci\u00f3n al Directorio Nacional y Estatal de Instituciones de Asistencia Social. <\/span><\/p>\n<p><span style=\"font-weight: 400;\">Posteriormente realiz\u00f3 un recorrido por el Instituto Geri\u00e1trico Nicol\u00e1s Aguilar, en donde adem\u00e1s de resguardar a personas de la tercera edad, se cuenta con un programa integral para promover una vejez digna, saludable y activa. Finalmente, Laura Barrera Fortoul y Lorena Valle Rodr\u00edguez, estuvieron en la Tienda del DIF, uno de los proyectos innovadores impulsados en la presente administraci\u00f3n. <\/span><\/p>\n<p><span style=\"font-weight: 400;\">A este evento asistieron Luis Enrique Guerra Garc\u00eda, Procurador Federal de Protecci\u00f3n a Ni\u00f1as, Ni\u00f1os y Adolescentes; Ramiro Robledo L\u00f3pez, Secretario de Comunicaciones y Transportes; Guillermo S\u00e1nchez Berrones Director de Integraci\u00f3n Social de Personas con Discapacidad del SEDIF y el Diputado Federal Xavier Nava Palacios.<\/span><\/p>\n<p><span style=\"font-weight: 400;\">As\u00ed como los alcaldes de Alaquines, C\u00e1rdenas, Cedral, Charcas, Ciudad Fern\u00e1ndez, Ciudad Valles, Lagunillas, Matehuala, Mexquitic de Carmona, San Antonio, San Ciro de Acosta, Santa Catarina, Tamasopo, Tamazunchale, Tampamol\u00f3n Corona, Tamu\u00edn, Tancanhuitz, Tierranueva, Venado, Villa de Arista, Villa de Ramos, Xilitla y Zaragoza.<\/span><\/p>\n","protected":false},"excerpt":{"rendered":"<p>JM Carreras destaca compromiso para tener un SLP M\u00e1s Incluyente. SLP ser\u00e1 de las primeras entidades del pa\u00eds en contra<\/p>\n","protected":false},"author":2,"featured_media":4504,"comment_status":"open","ping_status":"open","sticky":false,"template":"","format":"standard","meta":[],"categories":[1],"tags":[],"_links":{"self":[{"href":"http:\/\/www.radiodigitaltamazunchale.com\/landing\/wp-json\/wp\/v2\/posts\/4496"}],"collection":[{"href":"http:\/\/www.radiodigitaltamazunchale.com\/landing\/wp-json\/wp\/v2\/posts"}],"about":[{"href":"http:\/\/www.radiodigitaltamazunchale.com\/landing\/wp-json\/wp\/v2\/types\/post"}],"author":[{"embeddable":true,"href":"http:\/\/www.radiodigitaltamazunchale.com\/landing\/wp-json\/wp\/v2\/users\/2"}],"replies":[{"embeddable":true,"href":"http:\/\/www.radiodigitaltamazunchale.com\/landing\/wp-json\/wp\/v2\/comments?post=4496"}],"version-history":[{"count":1,"href":"http:\/\/www.radiodigitaltamazunchale.com\/landing\/wp-json\/wp\/v2\/posts\/4496\/revisions"}],"predecessor-version":[{"id":4505,"href":"http:\/\/www.radiodigitaltamazunchale.com\/landing\/wp-json\/wp\/v2\/posts\/4496\/revisions\/4505"}],"wp:featuredmedia":[{"embeddable":true,"href":"http:\/\/www.radiodigitaltamazunchale.com\/landing\/wp-json\/wp\/v2\/media\/4504"}],"wp:attachment":[{"href":"http:\/\/www.radiodigitaltamazunchale.com\/landing\/wp-json\/wp\/v2\/media?parent=4496"}],"wp:term":[{"taxonomy":"category","embeddable":true,"href":"http:\/\/www.radiodigitaltamazunchale.com\/landing\/wp-json\/wp\/v2\/categories?post=4496"},{"taxonomy":"post_tag","embeddable":true,"href":"http:\/\/www.radiodigitaltamazunchale.com\/landing\/wp-json\/wp\/v2\/tags?post=4496"}],"curies":[{"name":"wp","href":"https:\/\/api.w.org\/{rel}","templated":true}]}}