{"id":4506,"date":"2017-06-10T09:53:12","date_gmt":"2017-06-10T15:53:12","guid":{"rendered":"http:\/\/www.radiodigitaltamazunchale.com\/landing\/?p=4506"},"modified":"2017-06-10T09:53:12","modified_gmt":"2017-06-10T15:53:12","slug":"dejan-cabezas-de-un-hombre-y-una-mujer-en-fraccionamiento-rivera-en-soledad","status":"publish","type":"post","link":"http:\/\/www.radiodigitaltamazunchale.com\/landing\/uncategorized\/dejan-cabezas-de-un-hombre-y-una-mujer-en-fraccionamiento-rivera-en-soledad\/","title":{"rendered":"DEJAN CABEZAS DE UN HOMBRE Y UNA MUJER EN FRACCIONAMIENTO RIVERA EN SOLEDAD"},"content":{"rendered":"<p style=\"text-align: justify; background: white; margin: 0cm 0cm 7.5pt 0cm;\"><span style=\"font-family: 'Arial','sans-serif'; color: #333333;\">La ma\u00f1ana de este s\u00e1bado, fue localizado a un lado del paso vehicular de perif\u00e9rico norte a la altura de Fracci\u00f3n Rivera en Soledad \u00a0cabezas humanas\u00a0sin\u00a0el resto del cad\u00e1ver.<\/span><\/p>\n<p style=\"text-align: justify; background: white; box-sizing: border-box; font-size: 1.6rem; font-variant-ligatures: normal; font-variant-caps: normal; orphans: 2; widows: 2; -webkit-text-stroke-width: 0px; text-decoration-style: initial; text-decoration-color: initial; word-spacing: 0px; margin: 0cm 0cm 7.5pt 0cm;\"><span style=\"font-family: 'Arial','sans-serif'; color: #333333;\">Seg\u00fan versiones no oficiales\u00a0pertenecen a\u00a0dos personas \u201clevantadas\u201d anoche.<\/span><\/p>\n<p style=\"text-align: justify; background: white; box-sizing: border-box; font-size: 1.6rem; font-variant-ligatures: normal; font-variant-caps: normal; orphans: 2; widows: 2; -webkit-text-stroke-width: 0px; text-decoration-style: initial; text-decoration-color: initial; word-spacing: 0px; margin: 0cm 0cm 7.5pt 0cm;\"><span style=\"font-family: 'Arial','sans-serif'; color: #333333;\">Las cabezas humanas pertenecen al sexo femenino y uno masculino y fueron abandonadas junto a un mensaje.<\/span><\/p>\n<p style=\"text-align: justify; background: white; margin: 0cm 0cm 7.5pt 0cm;\"><span style=\"font-family: 'Arial','sans-serif'; color: #333333;\">\u00a0<\/span><\/p>\n<p style=\"text-align: justify; background: white; margin: 0cm 0cm 7.5pt 0cm;\"><span style=\"font-family: 'Arial','sans-serif'; color: #333333;\">INFORMACI\u00d3N DEL SOL DE SAN LUIS .- FOTOGRAF\u00cdA CIRCULA EN REDES SOCIALES <\/span><\/p>\n","protected":false},"excerpt":{"rendered":"<p>La ma\u00f1ana de este s\u00e1bado, fue localizado a un lado del paso vehicular de perif\u00e9rico norte a la altura de<\/p>\n","protected":false},"author":2,"featured_media":4507,"comment_status":"open","ping_status":"open","sticky":false,"template":"","format":"standard","meta":[],"categories":[1],"tags":[],"_links":{"self":[{"href":"http:\/\/www.radiodigitaltamazunchale.com\/landing\/wp-json\/wp\/v2\/posts\/4506"}],"collection":[{"href":"http:\/\/www.radiodigitaltamazunchale.com\/landing\/wp-json\/wp\/v2\/posts"}],"about":[{"href":"http:\/\/www.radiodigitaltamazunchale.com\/landing\/wp-json\/wp\/v2\/types\/post"}],"author":[{"embeddable":true,"href":"http:\/\/www.radiodigitaltamazunchale.com\/landing\/wp-json\/wp\/v2\/users\/2"}],"replies":[{"embeddable":true,"href":"http:\/\/www.radiodigitaltamazunchale.com\/landing\/wp-json\/wp\/v2\/comments?post=4506"}],"version-history":[{"count":1,"href":"http:\/\/www.radiodigitaltamazunchale.com\/landing\/wp-json\/wp\/v2\/posts\/4506\/revisions"}],"predecessor-version":[{"id":4508,"href":"http:\/\/www.radiodigitaltamazunchale.com\/landing\/wp-json\/wp\/v2\/posts\/4506\/revisions\/4508"}],"wp:featuredmedia":[{"embeddable":true,"href":"http:\/\/www.radiodigitaltamazunchale.com\/landing\/wp-json\/wp\/v2\/media\/4507"}],"wp:attachment":[{"href":"http:\/\/www.radiodigitaltamazunchale.com\/landing\/wp-json\/wp\/v2\/media?parent=4506"}],"wp:term":[{"taxonomy":"category","embeddable":true,"href":"http:\/\/www.radiodigitaltamazunchale.com\/landing\/wp-json\/wp\/v2\/categories?post=4506"},{"taxonomy":"post_tag","embeddable":true,"href":"http:\/\/www.radiodigitaltamazunchale.com\/landing\/wp-json\/wp\/v2\/tags?post=4506"}],"curies":[{"name":"wp","href":"https:\/\/api.w.org\/{rel}","templated":true}]}}