{"id":4565,"date":"2017-06-13T09:03:45","date_gmt":"2017-06-13T15:03:45","guid":{"rendered":"http:\/\/www.radiodigitaltamazunchale.com\/landing\/?p=4565"},"modified":"2017-06-13T09:03:45","modified_gmt":"2017-06-13T15:03:45","slug":"acuerdan-con-habitantes-de-pezmayo-terreno-de-reubicacion","status":"publish","type":"post","link":"http:\/\/www.radiodigitaltamazunchale.com\/landing\/uncategorized\/acuerdan-con-habitantes-de-pezmayo-terreno-de-reubicacion\/","title":{"rendered":"ACUERDAN CON HABITANTES DE PEZMAYO TERRENO DE REUBICACI\u00d3N"},"content":{"rendered":"<ul>\n<li style=\"font-weight: 400;\"><b>En reuni\u00f3n con los afectados, Alberto El\u00edas S\u00e1nchez, titular de Desarrollo Social en el Estado, present\u00f3 terrenos para la reedificaci\u00f3n de viviendas.<\/b><\/li>\n<\/ul>\n<p>&nbsp;<\/p>\n<p><span style=\"font-weight: 400;\">Luego de reunirse con las 49 familias afectadas de la comunidad de Pezmayo en el municipio de Tamazunchale, Alberto El\u00edas S\u00e1nchez, Secretario de Desarrollo Social y Regional en el Estado, dio a conocer que se acord\u00f3 respetar la decisi\u00f3n de cada una de las familias, mismas que optaron por reubicarse en un terreno ubicado, a un costado del Barrio Progreso, rumbo a la carretera federal Tamazunchale \u2013 M\u00e9xico.<\/span><\/p>\n<p><span style=\"font-weight: 400;\">El funcionario estatal indic\u00f3 que por instrucci\u00f3n del Gobernador del Estado Juan Manuel Carreras L\u00f3pez, se contin\u00faan con los trabajos para la reubicaci\u00f3n ya que este proceso tiene que ser de la mano y con la opini\u00f3n permanente de los afectados.<\/span><\/p>\n<p><span style=\"font-weight: 400;\">Para ello, las autoridades estatales y municipales plantearon a los afectados diferentes requerimientos para la selecci\u00f3n del nuevo terrero como ubicarse fuera de la zona de riesgo.<\/span><\/p>\n<p><span style=\"font-weight: 400;\">Adem\u00e1s se busc\u00f3 que estuviera lo m\u00e1s cerca posible de su comunidad y ser de f\u00e1cil acceso para proveer de los servicios b\u00e1sicos y la construcci\u00f3n de la escuela, as\u00ed como analizar la posible reubicaci\u00f3n del centro de salud.<\/span><\/p>\n<p><span style=\"font-weight: 400;\">El\u00edas S\u00e1nchez coment\u00f3 que una vez que los habitantes eligieron el terreno para la reubicaci\u00f3n, la brigada de topograf\u00eda inici\u00f3 el levantamiento del terreno para tener la superficie exacta e iniciar con el siguiente compromiso que es la construcci\u00f3n de una unidad b\u00e1sica de vivienda para cada una de las familias, por lo que se continuar\u00e1 trabajando para que Prosperemos Juntos.<\/span><\/p>\n","protected":false},"excerpt":{"rendered":"<p>En reuni\u00f3n con los afectados, Alberto El\u00edas S\u00e1nchez, titular de Desarrollo Social en el Estado, present\u00f3 terrenos para la reedificaci\u00f3n<\/p>\n","protected":false},"author":2,"featured_media":4566,"comment_status":"open","ping_status":"open","sticky":false,"template":"","format":"standard","meta":[],"categories":[1],"tags":[],"_links":{"self":[{"href":"http:\/\/www.radiodigitaltamazunchale.com\/landing\/wp-json\/wp\/v2\/posts\/4565"}],"collection":[{"href":"http:\/\/www.radiodigitaltamazunchale.com\/landing\/wp-json\/wp\/v2\/posts"}],"about":[{"href":"http:\/\/www.radiodigitaltamazunchale.com\/landing\/wp-json\/wp\/v2\/types\/post"}],"author":[{"embeddable":true,"href":"http:\/\/www.radiodigitaltamazunchale.com\/landing\/wp-json\/wp\/v2\/users\/2"}],"replies":[{"embeddable":true,"href":"http:\/\/www.radiodigitaltamazunchale.com\/landing\/wp-json\/wp\/v2\/comments?post=4565"}],"version-history":[{"count":1,"href":"http:\/\/www.radiodigitaltamazunchale.com\/landing\/wp-json\/wp\/v2\/posts\/4565\/revisions"}],"predecessor-version":[{"id":4567,"href":"http:\/\/www.radiodigitaltamazunchale.com\/landing\/wp-json\/wp\/v2\/posts\/4565\/revisions\/4567"}],"wp:featuredmedia":[{"embeddable":true,"href":"http:\/\/www.radiodigitaltamazunchale.com\/landing\/wp-json\/wp\/v2\/media\/4566"}],"wp:attachment":[{"href":"http:\/\/www.radiodigitaltamazunchale.com\/landing\/wp-json\/wp\/v2\/media?parent=4565"}],"wp:term":[{"taxonomy":"category","embeddable":true,"href":"http:\/\/www.radiodigitaltamazunchale.com\/landing\/wp-json\/wp\/v2\/categories?post=4565"},{"taxonomy":"post_tag","embeddable":true,"href":"http:\/\/www.radiodigitaltamazunchale.com\/landing\/wp-json\/wp\/v2\/tags?post=4565"}],"curies":[{"name":"wp","href":"https:\/\/api.w.org\/{rel}","templated":true}]}}