{"id":4592,"date":"2017-06-15T10:46:28","date_gmt":"2017-06-15T16:46:28","guid":{"rendered":"http:\/\/www.radiodigitaltamazunchale.com\/landing\/?p=4592"},"modified":"2017-06-15T10:46:28","modified_gmt":"2017-06-15T16:46:28","slug":"inauguran-modulo-de-la-cedh-y-oficina-de-enlace-consular-en-penal-de-la-pila","status":"publish","type":"post","link":"http:\/\/www.radiodigitaltamazunchale.com\/landing\/uncategorized\/inauguran-modulo-de-la-cedh-y-oficina-de-enlace-consular-en-penal-de-la-pila\/","title":{"rendered":"INAUGURAN M\u00d3DULO DE LA CEDH Y OFICINA DE ENLACE CONSULAR EN PENAL DE LA PILA"},"content":{"rendered":"<ul>\n<li style=\"font-weight: 400;\"><b>Oficinas de Enlace Consular de Rep\u00fablica de El Salvador, Honduras y de Estados Unidos.<\/b><\/li>\n<\/ul>\n<p><span style=\"font-weight: 400;\">Con el objetivo de dar una atenci\u00f3n especial a la poblaci\u00f3n interna tanto nacional como extranjera, as\u00ed como dignificar las instalaciones del Centro Estatal de Reinserci\u00f3n Social en San Luis Potos\u00ed \u201cLa Pila\u201d, fueron inaugurados el m\u00f3dulo de la Comisi\u00f3n Estatal de Derechos Humanos (CEDH) y la Oficina de Enlace Consular de El Salvador, Estados Unidos y Honduras, que son las\u00a0primeras de este tipo que operan al interior de un Centro Penitenciario potosino.<\/span><\/p>\n<p><span style=\"font-weight: 400;\">El Director General de Prevenci\u00f3n y Reinserci\u00f3n Social, Arturo Barrera Genchi, en representaci\u00f3n del Secretario de Seguridad P\u00fablica del Estado, General Arturo Guti\u00e9rrez Garc\u00eda, destac\u00f3 la apertura, transparencia, voluntad y el compromiso de unir esfuerzos para realizar un trabajo en beneficio de la poblaci\u00f3n.<\/span><\/p>\n<p><span style=\"font-weight: 400;\">En estas oficinas se atender\u00e1n cada una de las demandas de las personas que lo requieran, mencionando que esta es tan s\u00f3lo una primera acci\u00f3n en el camino para la universalizaci\u00f3n de los servicios para las personas privadas de su libertad.<\/span><\/p>\n<p><span style=\"font-weight: 400;\">Barrera Genchi afirm\u00f3 que la nueva Ley Nacional de Ejecuci\u00f3n Penal plantea respuestas simples a problemas complejos pues \u00fanicamente pretende la proximidad, transversalidad, corresponsabilidad, colaboraci\u00f3n, proactividad y organizaci\u00f3n de las acciones, con las cuales se pueda conformar una red integral de servicios para que la poblaci\u00f3n penitenciaria transite de manera exitosa su proceso de reinserci\u00f3n y posterior reincorporaci\u00f3n social-laboral.<\/span><\/p>\n<p><span style=\"font-weight: 400;\">De ah\u00ed, que resulte imperativo regularizar los documentos de identidad de toda la poblaci\u00f3n, pues ello garantiza que puedan continuar desarrollando sus habilidades en algunas de las actividades productivas que se ofertan al interior de los Centros Penitenciarios Estatales, toda vez que no es permisible que permanezcan inermes ante una realidad social compleja, diversa y cambiante.<\/span><\/p>\n<p><span style=\"font-weight: 400;\">Por su parte, Alejandro Leal Tov\u00edas, Secretario General de Gobierno, mencion\u00f3 que se est\u00e1 haciendo un gran esfuerzo por mejorar las condiciones de los Centros Penitenciarios.<\/span><\/p>\n<p><span style=\"font-weight: 400;\">El\u00a0presidente de la CEDH, Jorge Andr\u00e9s L\u00f3pez Espinoza, hizo un reconocimiento al Gobernador Juan Manuel Carreras, al Secretario de Seguridad P\u00fablica por sus inter\u00e9s y compromiso por los derechos humanos.<\/span><\/p>\n<p><span style=\"font-weight: 400;\">Luego de se\u00f1alar que ha instruido al personal de la CEDH a actuar bajo el principio de trato digno, inmediatez, eficacia y eficiencia de todas las personas en situaci\u00f3n de vulnerabilidad, mencion\u00f3 que \u201ces a trav\u00e9s de la suma de esfuerzos como se tienen mejores resultados en beneficio de la poblaci\u00f3n y hoy nos unimos para visibilizar ese compromiso que hoy se tiene con la poblaci\u00f3n interna migrante\u201d.<\/span><\/p>\n<p><span style=\"font-weight: 400;\">Durante la mesa de trabajo con 19 reos de origen Salvadores y Hondure\u00f1o, los funcionarios escucharon las solicitudes de algunos de ellos, entre las que se encuentran: apoyo para tramitar el CURP, Actas de Nacimiento o Certificados de Identidad para continuar con sus estudios dentro del Penal o bien para regularizar su estado civil.<\/span><\/p>\n<p><span style=\"font-weight: 400;\">En este sentido, Mauricio Casta\u00f1\u00f3n, del INM y los c\u00f3nsules Milton Atil Chinchilla Peraza, de El Salvador, y \u00d3scar Roberto Aguilar Inestroza, de Honduras, manifestaron su inter\u00e9s por analizar cada uno de los casos y atender estas solicitudes.<\/span><\/p>\n<p><span style=\"font-weight: 400;\">Al realizar un recorrido por algunas de las instalaciones de \u201cLa Pila\u201d, los funcionarios estuvieron presentes en la inauguraci\u00f3n del M\u00f3dulo de Identificaci\u00f3n y Registro de las personas que ingresan apegados en el Sistema de Justicia Penal, as\u00ed como un espacio digno para el personal de seguridad y custodia.\u00a0<\/span><\/p>\n<p><span style=\"font-weight: 400;\">En el evento estuvieron presentes el Secretario General de Gobierno, Alejandro Leal Tovias; Milton Atil Chinchilla Peraza, C\u00f3nsul de la Rep\u00fablica de El Salvador; \u00d3scar Roberto Aguilar Inestroza, C\u00f3nsul General de Honduras; Jorge Andr\u00e9s L\u00f3pez Espinoza, presidente de la Comisi\u00f3n Estatal de los Derechos Humanos en San Luis Potos\u00ed; Mauricio Alejandro Casta\u00f1\u00f3n Malag\u00f3n, Delegado Federal del Instituto Nacional de Migraci\u00f3n y Arturo Cervantes Ju\u00e1rez, Director del\u00a0Centro Estatal de Reinserci\u00f3n Social en San Luis Potos\u00ed \u201cLa Pila.<\/span><\/p>\n","protected":false},"excerpt":{"rendered":"<p>Oficinas de Enlace Consular de Rep\u00fablica de El Salvador, Honduras y de Estados Unidos. Con el objetivo de dar una<\/p>\n","protected":false},"author":2,"featured_media":4593,"comment_status":"open","ping_status":"open","sticky":false,"template":"","format":"standard","meta":[],"categories":[1],"tags":[],"_links":{"self":[{"href":"http:\/\/www.radiodigitaltamazunchale.com\/landing\/wp-json\/wp\/v2\/posts\/4592"}],"collection":[{"href":"http:\/\/www.radiodigitaltamazunchale.com\/landing\/wp-json\/wp\/v2\/posts"}],"about":[{"href":"http:\/\/www.radiodigitaltamazunchale.com\/landing\/wp-json\/wp\/v2\/types\/post"}],"author":[{"embeddable":true,"href":"http:\/\/www.radiodigitaltamazunchale.com\/landing\/wp-json\/wp\/v2\/users\/2"}],"replies":[{"embeddable":true,"href":"http:\/\/www.radiodigitaltamazunchale.com\/landing\/wp-json\/wp\/v2\/comments?post=4592"}],"version-history":[{"count":1,"href":"http:\/\/www.radiodigitaltamazunchale.com\/landing\/wp-json\/wp\/v2\/posts\/4592\/revisions"}],"predecessor-version":[{"id":4594,"href":"http:\/\/www.radiodigitaltamazunchale.com\/landing\/wp-json\/wp\/v2\/posts\/4592\/revisions\/4594"}],"wp:featuredmedia":[{"embeddable":true,"href":"http:\/\/www.radiodigitaltamazunchale.com\/landing\/wp-json\/wp\/v2\/media\/4593"}],"wp:attachment":[{"href":"http:\/\/www.radiodigitaltamazunchale.com\/landing\/wp-json\/wp\/v2\/media?parent=4592"}],"wp:term":[{"taxonomy":"category","embeddable":true,"href":"http:\/\/www.radiodigitaltamazunchale.com\/landing\/wp-json\/wp\/v2\/categories?post=4592"},{"taxonomy":"post_tag","embeddable":true,"href":"http:\/\/www.radiodigitaltamazunchale.com\/landing\/wp-json\/wp\/v2\/tags?post=4592"}],"curies":[{"name":"wp","href":"https:\/\/api.w.org\/{rel}","templated":true}]}}