{"id":4595,"date":"2017-06-15T10:49:11","date_gmt":"2017-06-15T16:49:11","guid":{"rendered":"http:\/\/www.radiodigitaltamazunchale.com\/landing\/?p=4595"},"modified":"2017-06-15T10:49:11","modified_gmt":"2017-06-15T16:49:11","slug":"pgje-captura-a-uno-de-los-presuntos-responsables-de-multihomicidio-de-ciudad-del-maiz","status":"publish","type":"post","link":"http:\/\/www.radiodigitaltamazunchale.com\/landing\/uncategorized\/pgje-captura-a-uno-de-los-presuntos-responsables-de-multihomicidio-de-ciudad-del-maiz\/","title":{"rendered":"PGJE CAPTURA A UNO DE LOS PRESUNTOS RESPONSABLES DE MULTIHOMICIDIO DE CIUDAD DEL MA\u00cdZ"},"content":{"rendered":"<p><span style=\"font-weight: 400;\">RIOVERDE.- La Procuradur\u00eda General de Justicia de San Luis Potos\u00ed (PGJSLP), a trav\u00e9s de sus elementos ministeriales, logr\u00f3 la captura de uno de los presuntos responsables del multihomicidio registrado el pasado fin de semana en el municipio de Ciudad del Ma\u00edz, donde seis personas perdieron la vida tras haber sido agredidas con armas de fuego.<\/span><\/p>\n<p><span style=\"font-weight: 400;\">El presunto responde al nombre de \u00a0Daniel de 22 a\u00f1os de edad, originario de Ciudad Mante, Tamaulipas y fue detenido a inmediaciones de la Central Camionera de Rioverde, \u00a0mediante orden de aprehensi\u00f3n que solicit\u00f3 el Ministerio P\u00fablico de la Subprocuradur\u00eda de la Zona Media \u00a0al Juez de Control, y que cumpliment\u00f3 la Polic\u00eda Ministerial del Estado (PME).<\/span><\/p>\n<p><span style=\"font-weight: 400;\">Fue la noche del s\u00e1bado 10 de junio cuando la autoridad fue requerida en la calle Manuel Jos\u00e9 Oth\u00f3n de la zona centro de Ciudad del Ma\u00edz, espec\u00edficamente frente a un dep\u00f3sito de cerveza, debido a que sujetos desconocidos que se trasladaban en dos veh\u00edculos abrieron fuego contra personas que se encontraban en el lugar.<\/span><\/p>\n<p><span style=\"font-weight: 400;\">Los polic\u00edas investigadores se trasladaron de inmediato y al llegar encontraron tendidos sobre el asfalto a cinco personas heridas por proyectil de arma de fuego, las cuales se encontraban sin signos vitales; adem\u00e1s, un hombre que tambi\u00e9n result\u00f3 herido fue trasladado a una cl\u00ednica, donde perdi\u00f3 la vida.<\/span><\/p>\n<p><span style=\"font-weight: 400;\">Posterior a este hecho, se recibi\u00f3 el reporte que estos sujetos hab\u00edan causado detonaciones de arma de fuego al aire en una gasolinera y a la fachada de una vivienda.<\/span><\/p>\n<p><span style=\"font-weight: 400;\">Por su parte y dentro de la etapa de investigaci\u00f3n, los polic\u00edas ministeriales realizaron dispositivos de b\u00fasqueda por diferentes ejidos y comunidades, hasta localizar una camioneta que correspond\u00eda a las caracter\u00edsticas establecidas por testigos y c\u00e1maras de video internas del lugar de los hechos.<\/span><\/p>\n<p><span style=\"font-weight: 400;\">Dentro del veh\u00edculo se encontraba un hombre que fue puesto a disposici\u00f3n del representante social debido a la portaci\u00f3n de un arma blanca y por ultrajes a la autoridad, y del que se presum\u00eda pudiera haber participado en el multihomicidio.<\/span><\/p>\n<p><span style=\"font-weight: 400;\">Al seguir con las investigaciones ininterrumpidas, se utiliz\u00f3 la c\u00e1mara de Gesell, donde testigos presenciales se\u00f1alaron al individuo como uno de los participantes en el evento, ya que descendi\u00f3 de la camioneta verde portando un arma de fuego y dispar\u00f3 contra los afectados.<\/span><\/p>\n<p><span style=\"font-weight: 400;\">Una vez que fue judicializada la carpeta de investigaci\u00f3n se emiti\u00f3 la orden de aprehensi\u00f3n por el delito de homicidio calificado, la cual fue cumplimentada por la Polic\u00eda Ministerial del Estado.<\/span><\/p>\n<p><span style=\"font-weight: 400;\">El presunto fue puesto a disposici\u00f3n de la autoridad judicial que lo requer\u00eda, quedando interno en el Centro de Reinserci\u00f3n Social de Rioverde, en donde continuar\u00e1 su proceso penal.<\/span><\/p>\n<p><span style=\"font-weight: 400;\">La PGJSLP inform\u00f3 que las investigaciones sobre este caso contin\u00faan y se trabaja en la identificaci\u00f3n de los otros probables responsables de estos homicidios en Ciudad del Ma\u00edz.<\/span><\/p>\n","protected":false},"excerpt":{"rendered":"<p>RIOVERDE.- La Procuradur\u00eda General de Justicia de San Luis Potos\u00ed (PGJSLP), a trav\u00e9s de sus elementos ministeriales, logr\u00f3 la captura<\/p>\n","protected":false},"author":2,"featured_media":4596,"comment_status":"open","ping_status":"open","sticky":false,"template":"","format":"standard","meta":[],"categories":[1],"tags":[],"_links":{"self":[{"href":"http:\/\/www.radiodigitaltamazunchale.com\/landing\/wp-json\/wp\/v2\/posts\/4595"}],"collection":[{"href":"http:\/\/www.radiodigitaltamazunchale.com\/landing\/wp-json\/wp\/v2\/posts"}],"about":[{"href":"http:\/\/www.radiodigitaltamazunchale.com\/landing\/wp-json\/wp\/v2\/types\/post"}],"author":[{"embeddable":true,"href":"http:\/\/www.radiodigitaltamazunchale.com\/landing\/wp-json\/wp\/v2\/users\/2"}],"replies":[{"embeddable":true,"href":"http:\/\/www.radiodigitaltamazunchale.com\/landing\/wp-json\/wp\/v2\/comments?post=4595"}],"version-history":[{"count":1,"href":"http:\/\/www.radiodigitaltamazunchale.com\/landing\/wp-json\/wp\/v2\/posts\/4595\/revisions"}],"predecessor-version":[{"id":4597,"href":"http:\/\/www.radiodigitaltamazunchale.com\/landing\/wp-json\/wp\/v2\/posts\/4595\/revisions\/4597"}],"wp:featuredmedia":[{"embeddable":true,"href":"http:\/\/www.radiodigitaltamazunchale.com\/landing\/wp-json\/wp\/v2\/media\/4596"}],"wp:attachment":[{"href":"http:\/\/www.radiodigitaltamazunchale.com\/landing\/wp-json\/wp\/v2\/media?parent=4595"}],"wp:term":[{"taxonomy":"category","embeddable":true,"href":"http:\/\/www.radiodigitaltamazunchale.com\/landing\/wp-json\/wp\/v2\/categories?post=4595"},{"taxonomy":"post_tag","embeddable":true,"href":"http:\/\/www.radiodigitaltamazunchale.com\/landing\/wp-json\/wp\/v2\/tags?post=4595"}],"curies":[{"name":"wp","href":"https:\/\/api.w.org\/{rel}","templated":true}]}}