{"id":55687,"date":"2024-06-12T09:03:00","date_gmt":"2024-06-12T15:03:00","guid":{"rendered":"http:\/\/www.radiodigitaltamazunchale.com\/landing\/?p=55687"},"modified":"2024-06-13T09:08:24","modified_gmt":"2024-06-13T15:08:24","slug":"dif-estatal-llevara-mas-apoyo-a-personas-adultas-mayores","status":"publish","type":"post","link":"http:\/\/www.radiodigitaltamazunchale.com\/landing\/uncategorized\/dif-estatal-llevara-mas-apoyo-a-personas-adultas-mayores\/","title":{"rendered":"DIF ESTATAL LLEVAR\u00c1 M\u00c1S APOYO A PERSONAS ADULTAS MAYORES"},"content":{"rendered":"\n<p>En el marco del \u201cD\u00eda Mundial de Toma de Conciencia del Abuso y Maltrato en la Vejez\u201d, el Sistema Estatal para el Desarrollo Integral de la Familia (DIF), a trav\u00e9s de la Procuradur\u00eda de la Defensa de las Personas Adultas Mayores (PDPAM), visitar\u00e1 las casas de cultura de los barrios de San Miguelito, San Sebasti\u00e1n y Tlaxcala, para ofrecer pl\u00e1ticas de prevenci\u00f3n de violencia y asesor\u00edas gratuitas en materia jur\u00eddica y de trabajo social a las personas adultas mayores.<\/p>\n\n\n\n<p>Acorde a la pol\u00edtica de atenci\u00f3n social del Gobernador de San Luis Potos\u00ed, Ricardo Gallardo Cardona, las visitas ser\u00e1n: el 14 de junio en San Miguelito; 17 de junio en San Sebasti\u00e1n y 24 de junio en Tlaxcala, con un horario de 18:00 a 20:00 horas, y para las y los interesados en estos servicios, deber\u00e1n acudir estos espacios con una copia del INE y CURP.<\/p>\n\n\n\n<p>Adem\u00e1s, la PDPAM realizar\u00e1 actividades para fomentar los derechos fundamentales de las personas adultas mayores, con acciones de difusi\u00f3n en las que participar\u00e1n las y los beneficiarios, adem\u00e1s de pl\u00e1ticas donde se abordar\u00e1n temas como: derechos de las personas adultas mayores, tipos de violencia, discriminaci\u00f3n por edad y sesiones de convivencia que se llevar\u00e1n a cabo en las instalaciones de la Procuradur\u00eda.<\/p>\n\n\n\n<p>Al respecto, Virginia Z\u00fa\u00f1iga Maldonado, directora general del DIF Estatal, reiter\u00f3 el compromiso del Gobierno del Estado para fomentar el respeto y ejercicio de las personas adultas mayores en el Estado, mediante acciones afirmativas a favor del bienestar de las y los abuelitos, con&nbsp; responsabilidad y mucho amor.<\/p>\n","protected":false},"excerpt":{"rendered":"<p>En el marco del \u201cD\u00eda Mundial de Toma de Conciencia del Abuso y Maltrato en la Vejez\u201d, el Sistema Estatal<\/p>\n","protected":false},"author":1,"featured_media":55688,"comment_status":"open","ping_status":"open","sticky":false,"template":"","format":"standard","meta":[],"categories":[1],"tags":[],"_links":{"self":[{"href":"http:\/\/www.radiodigitaltamazunchale.com\/landing\/wp-json\/wp\/v2\/posts\/55687"}],"collection":[{"href":"http:\/\/www.radiodigitaltamazunchale.com\/landing\/wp-json\/wp\/v2\/posts"}],"about":[{"href":"http:\/\/www.radiodigitaltamazunchale.com\/landing\/wp-json\/wp\/v2\/types\/post"}],"author":[{"embeddable":true,"href":"http:\/\/www.radiodigitaltamazunchale.com\/landing\/wp-json\/wp\/v2\/users\/1"}],"replies":[{"embeddable":true,"href":"http:\/\/www.radiodigitaltamazunchale.com\/landing\/wp-json\/wp\/v2\/comments?post=55687"}],"version-history":[{"count":1,"href":"http:\/\/www.radiodigitaltamazunchale.com\/landing\/wp-json\/wp\/v2\/posts\/55687\/revisions"}],"predecessor-version":[{"id":55689,"href":"http:\/\/www.radiodigitaltamazunchale.com\/landing\/wp-json\/wp\/v2\/posts\/55687\/revisions\/55689"}],"wp:featuredmedia":[{"embeddable":true,"href":"http:\/\/www.radiodigitaltamazunchale.com\/landing\/wp-json\/wp\/v2\/media\/55688"}],"wp:attachment":[{"href":"http:\/\/www.radiodigitaltamazunchale.com\/landing\/wp-json\/wp\/v2\/media?parent=55687"}],"wp:term":[{"taxonomy":"category","embeddable":true,"href":"http:\/\/www.radiodigitaltamazunchale.com\/landing\/wp-json\/wp\/v2\/categories?post=55687"},{"taxonomy":"post_tag","embeddable":true,"href":"http:\/\/www.radiodigitaltamazunchale.com\/landing\/wp-json\/wp\/v2\/tags?post=55687"}],"curies":[{"name":"wp","href":"https:\/\/api.w.org\/{rel}","templated":true}]}}