{"id":58356,"date":"2025-02-28T08:35:00","date_gmt":"2025-02-28T14:35:00","guid":{"rendered":"http:\/\/www.radiodigitaltamazunchale.com\/landing\/?p=58356"},"modified":"2025-03-03T08:37:06","modified_gmt":"2025-03-03T14:37:06","slug":"instancias-federales-estatales-y-municipales-brindan-asesoria-en-jornada-por-la-paz","status":"publish","type":"post","link":"http:\/\/www.radiodigitaltamazunchale.com\/landing\/uncategorized\/instancias-federales-estatales-y-municipales-brindan-asesoria-en-jornada-por-la-paz\/","title":{"rendered":"INSTANCIAS FEDERALES, ESTATALES Y MUNICIPALES BRINDAN ASESOR\u00cdA EN JORNADA POR LA PAZ"},"content":{"rendered":"\n<p>Gracias a la coordinaci\u00f3n de los tres niveles de gobierno, este d\u00eda se ejecut\u00f3 la Jornada por la Paz en el municipio de Aquism\u00f3n.<\/p>\n\n\n\n<p>La explanada del Sistema Municipal DIF, es el escenario en donde instancias federales, estatales y municipales instalaron m\u00f3dulos informativos.<\/p>\n\n\n\n<p>El acto de inauguraci\u00f3n lo Presidio el Presidente Municipal de Aquism\u00f3n Cuahut\u00e9moc Balderas Ya\u00f1ez, acompa\u00f1ado de la Presidenta del Sistema Municipal DIF de Aquism\u00f3n la C. Ang\u00e9lica Guevara Acu\u00f1a.<\/p>\n\n\n\n<p>El objetivo de las Jornadas por la Paz es orientar y asesorar a la ciudadan\u00eda, sobre las funciones que las diferentes instancias desempe\u00f1an.<\/p>\n\n\n\n<p>De las 9 de la ma\u00f1ana y hasta la 1:30 p.m., los modulos estar\u00e1n instalados; y ciudadania en general asi como autoridades comunales podr\u00e1n escuchar pl\u00e1ticas informativas.<\/p>\n\n\n\n<p>En esta ocasi\u00f3n se trasladaron hasta el #PuebloMagico la Presidenta Municipal de Axtla de Terrazas Clara Maria Castro Jonguitud, la Presidenta Municipal de Tampamol\u00f3n Corona Silvia Medina, el Presidente Municipal de Huehuetl\u00e1n Ram\u00f3n Mart\u00ednez Avitud y el Alcalde de Coxcatl\u00e1n Omar Soni, quienes al terminar el recorrido por los diferentes m\u00f3dulos sostuvieron una reuni\u00f3n con el Presidente Municipal Temo Balderas y representantes de las diferentes instancias gubernamentales.<\/p>\n","protected":false},"excerpt":{"rendered":"<p>Gracias a la coordinaci\u00f3n de los tres niveles de gobierno, este d\u00eda se ejecut\u00f3 la Jornada por la Paz en<\/p>\n","protected":false},"author":1,"featured_media":58357,"comment_status":"open","ping_status":"open","sticky":false,"template":"","format":"standard","meta":[],"categories":[1],"tags":[],"_links":{"self":[{"href":"http:\/\/www.radiodigitaltamazunchale.com\/landing\/wp-json\/wp\/v2\/posts\/58356"}],"collection":[{"href":"http:\/\/www.radiodigitaltamazunchale.com\/landing\/wp-json\/wp\/v2\/posts"}],"about":[{"href":"http:\/\/www.radiodigitaltamazunchale.com\/landing\/wp-json\/wp\/v2\/types\/post"}],"author":[{"embeddable":true,"href":"http:\/\/www.radiodigitaltamazunchale.com\/landing\/wp-json\/wp\/v2\/users\/1"}],"replies":[{"embeddable":true,"href":"http:\/\/www.radiodigitaltamazunchale.com\/landing\/wp-json\/wp\/v2\/comments?post=58356"}],"version-history":[{"count":1,"href":"http:\/\/www.radiodigitaltamazunchale.com\/landing\/wp-json\/wp\/v2\/posts\/58356\/revisions"}],"predecessor-version":[{"id":58358,"href":"http:\/\/www.radiodigitaltamazunchale.com\/landing\/wp-json\/wp\/v2\/posts\/58356\/revisions\/58358"}],"wp:featuredmedia":[{"embeddable":true,"href":"http:\/\/www.radiodigitaltamazunchale.com\/landing\/wp-json\/wp\/v2\/media\/58357"}],"wp:attachment":[{"href":"http:\/\/www.radiodigitaltamazunchale.com\/landing\/wp-json\/wp\/v2\/media?parent=58356"}],"wp:term":[{"taxonomy":"category","embeddable":true,"href":"http:\/\/www.radiodigitaltamazunchale.com\/landing\/wp-json\/wp\/v2\/categories?post=58356"},{"taxonomy":"post_tag","embeddable":true,"href":"http:\/\/www.radiodigitaltamazunchale.com\/landing\/wp-json\/wp\/v2\/tags?post=58356"}],"curies":[{"name":"wp","href":"https:\/\/api.w.org\/{rel}","templated":true}]}}