{"id":58391,"date":"2025-03-02T10:31:00","date_gmt":"2025-03-02T16:31:00","guid":{"rendered":"http:\/\/www.radiodigitaltamazunchale.com\/landing\/?p=58391"},"modified":"2025-03-03T10:34:30","modified_gmt":"2025-03-03T16:34:30","slug":"gobierno-estatal-impulsa-el-emprendimiento-verde-en-comunidades-indigenas","status":"publish","type":"post","link":"http:\/\/www.radiodigitaltamazunchale.com\/landing\/uncategorized\/gobierno-estatal-impulsa-el-emprendimiento-verde-en-comunidades-indigenas\/","title":{"rendered":"GOBIERNO ESTATAL IMPULSA EL EMPRENDIMIENTO VERDE EN COMUNIDADES IND\u00cdGENAS"},"content":{"rendered":"\n<p>Para fomentar la inclusi\u00f3n econ\u00f3mica y la sostenibilidad medioambiental, la Secretar\u00eda del Trabajo y Previsi\u00f3n Social (STPS) y el Instituto de Desarrollo Humano y Social de los Pueblos y Comunidades Ind\u00edgenas (Indepi), impartieron la capacitaci\u00f3n \u201cEmprendiendo mi negocio verde\u201d a poblaci\u00f3n ind\u00edgena de la regi\u00f3n Xi&#8217;iuy brindando herramientas para la creaci\u00f3n de negocios responsables con el medio ambiente.La titular del Indepi, Bernarda Reyes Hern\u00e1ndez, detall\u00f3 que, como parte de las actividades por el D\u00eda Internacional de la Lengua Materna, certificaron a 20 emprendedoras y emprendedores ind\u00edgenas de Ray\u00f3n, Santa Catarina, Tamasopo y Ciudad del Ma\u00edz quienes concluyeron con \u00e9xito su formaci\u00f3n pr\u00e1ctica creando su propio Plan de Negocios. Dijo que est\u00e1s acciones permite dar cumplimiento a la instrucci\u00f3n del Gobernador Ricardo Gallardo Cardona de un brindar m\u00e1s apoyo en igualdad, inclusi\u00f3n y no discriminaci\u00f3n a las personas, pueblos originarios y comunidades ind\u00edgenas.Destac\u00f3 la importancia de la entrega de reconocimientos y la certificaci\u00f3n que avalan el conocimiento adquirido y permiten dar un paso firme hac\u00eda la autonom\u00eda econ\u00f3mica de nuestras comunidades ind\u00edgenas que reciben m\u00e1s apoyo para emprendimientos responsables y sostenibles.<\/p>\n","protected":false},"excerpt":{"rendered":"<p>Para fomentar la inclusi\u00f3n econ\u00f3mica y la sostenibilidad medioambiental, la Secretar\u00eda del Trabajo y Previsi\u00f3n Social (STPS) y el Instituto<\/p>\n","protected":false},"author":1,"featured_media":58392,"comment_status":"open","ping_status":"open","sticky":false,"template":"","format":"standard","meta":[],"categories":[1],"tags":[],"_links":{"self":[{"href":"http:\/\/www.radiodigitaltamazunchale.com\/landing\/wp-json\/wp\/v2\/posts\/58391"}],"collection":[{"href":"http:\/\/www.radiodigitaltamazunchale.com\/landing\/wp-json\/wp\/v2\/posts"}],"about":[{"href":"http:\/\/www.radiodigitaltamazunchale.com\/landing\/wp-json\/wp\/v2\/types\/post"}],"author":[{"embeddable":true,"href":"http:\/\/www.radiodigitaltamazunchale.com\/landing\/wp-json\/wp\/v2\/users\/1"}],"replies":[{"embeddable":true,"href":"http:\/\/www.radiodigitaltamazunchale.com\/landing\/wp-json\/wp\/v2\/comments?post=58391"}],"version-history":[{"count":1,"href":"http:\/\/www.radiodigitaltamazunchale.com\/landing\/wp-json\/wp\/v2\/posts\/58391\/revisions"}],"predecessor-version":[{"id":58393,"href":"http:\/\/www.radiodigitaltamazunchale.com\/landing\/wp-json\/wp\/v2\/posts\/58391\/revisions\/58393"}],"wp:featuredmedia":[{"embeddable":true,"href":"http:\/\/www.radiodigitaltamazunchale.com\/landing\/wp-json\/wp\/v2\/media\/58392"}],"wp:attachment":[{"href":"http:\/\/www.radiodigitaltamazunchale.com\/landing\/wp-json\/wp\/v2\/media?parent=58391"}],"wp:term":[{"taxonomy":"category","embeddable":true,"href":"http:\/\/www.radiodigitaltamazunchale.com\/landing\/wp-json\/wp\/v2\/categories?post=58391"},{"taxonomy":"post_tag","embeddable":true,"href":"http:\/\/www.radiodigitaltamazunchale.com\/landing\/wp-json\/wp\/v2\/tags?post=58391"}],"curies":[{"name":"wp","href":"https:\/\/api.w.org\/{rel}","templated":true}]}}