{"id":58401,"date":"2025-03-01T10:45:00","date_gmt":"2025-03-01T16:45:00","guid":{"rendered":"http:\/\/www.radiodigitaltamazunchale.com\/landing\/?p=58401"},"modified":"2025-03-03T10:50:22","modified_gmt":"2025-03-03T16:50:22","slug":"gobierno-estatal-conmemora-el-56-aniversario-de-educacion-indigena","status":"publish","type":"post","link":"http:\/\/www.radiodigitaltamazunchale.com\/landing\/uncategorized\/gobierno-estatal-conmemora-el-56-aniversario-de-educacion-indigena\/","title":{"rendered":"GOBIERNO ESTATAL CONMEMORA EL 56 ANIVERSARIO DE EDUCACI\u00d3N IND\u00cdGENA"},"content":{"rendered":"\n<p>La Secretar\u00eda de Educaci\u00f3n del Gobierno del Estado (SEGE), en el marco de la conmemoraci\u00f3n del 1 de marzo, \u201cD\u00eda de la Educaci\u00f3n Ind\u00edgena\u201d, conmemor\u00f3 el 56 aniversario y 21 festejo en la entidad, reconociendo la importancia de la preservaci\u00f3n y conservaci\u00f3n de las tres etnias originarias de San Luis Potos\u00ed: N\u00e1huatl, T\u00e9nek y Xi\u2019iuy, con una educaci\u00f3n de calidad e inclusiva. En su mensaje, el secretario de Educaci\u00f3n, Juan Carlos Torres Cedillo, asegur\u00f3 que, se contin\u00faa impulsando y apoyando a la educaci\u00f3n ind\u00edgena como nunca antes, como parte de las encomiendas del Gobernador del Estado, Ricardo Gallardo Cardona, para garantizar m\u00e1s apoyo y el acceso a la educaci\u00f3n de las ni\u00f1as, ni\u00f1os y adolescentes originarios de nuestros pueblos originarios.En el evento se entregaron m\u00e1s de tres millones de pesos para la compra de materiales de apoyo did\u00e1ctico, uniformes escolares, reconocimientos a las y los equipos ganadores de la jornada deportiva de las distintas disciplinas, entre otros, que se suman a los m\u00e1s de 13.1 millones de pesos invertidos para el fortalecimiento de infraestructura a la Direcci\u00f3n de Educaci\u00f3n ind\u00edgena, biling\u00fce e intercultural. Finalmente, Mar\u00eda de los \u00c1ngeles Gordillo, directora de Educaci\u00f3n Ind\u00edgena de la Secretar\u00eda de Educaci\u00f3n P\u00fablica (SEP), quien realiz\u00f3 la conferencia \u201cLa educaci\u00f3n ind\u00edgena e intercultural como elementos fundantes de la Nueva Escuela Mexicana\u201d, reconoci\u00f3 las estrategias impulsadas por el Gobierno del Estado para impulsar la educaci\u00f3n ind\u00edgena a nivel local y en el pa\u00eds.<\/p>\n","protected":false},"excerpt":{"rendered":"<p>La Secretar\u00eda de Educaci\u00f3n del Gobierno del Estado (SEGE), en el marco de la conmemoraci\u00f3n del 1 de marzo, \u201cD\u00eda<\/p>\n","protected":false},"author":1,"featured_media":58402,"comment_status":"open","ping_status":"open","sticky":false,"template":"","format":"standard","meta":[],"categories":[1],"tags":[],"_links":{"self":[{"href":"http:\/\/www.radiodigitaltamazunchale.com\/landing\/wp-json\/wp\/v2\/posts\/58401"}],"collection":[{"href":"http:\/\/www.radiodigitaltamazunchale.com\/landing\/wp-json\/wp\/v2\/posts"}],"about":[{"href":"http:\/\/www.radiodigitaltamazunchale.com\/landing\/wp-json\/wp\/v2\/types\/post"}],"author":[{"embeddable":true,"href":"http:\/\/www.radiodigitaltamazunchale.com\/landing\/wp-json\/wp\/v2\/users\/1"}],"replies":[{"embeddable":true,"href":"http:\/\/www.radiodigitaltamazunchale.com\/landing\/wp-json\/wp\/v2\/comments?post=58401"}],"version-history":[{"count":1,"href":"http:\/\/www.radiodigitaltamazunchale.com\/landing\/wp-json\/wp\/v2\/posts\/58401\/revisions"}],"predecessor-version":[{"id":58403,"href":"http:\/\/www.radiodigitaltamazunchale.com\/landing\/wp-json\/wp\/v2\/posts\/58401\/revisions\/58403"}],"wp:featuredmedia":[{"embeddable":true,"href":"http:\/\/www.radiodigitaltamazunchale.com\/landing\/wp-json\/wp\/v2\/media\/58402"}],"wp:attachment":[{"href":"http:\/\/www.radiodigitaltamazunchale.com\/landing\/wp-json\/wp\/v2\/media?parent=58401"}],"wp:term":[{"taxonomy":"category","embeddable":true,"href":"http:\/\/www.radiodigitaltamazunchale.com\/landing\/wp-json\/wp\/v2\/categories?post=58401"},{"taxonomy":"post_tag","embeddable":true,"href":"http:\/\/www.radiodigitaltamazunchale.com\/landing\/wp-json\/wp\/v2\/tags?post=58401"}],"curies":[{"name":"wp","href":"https:\/\/api.w.org\/{rel}","templated":true}]}}