{"id":58521,"date":"2025-03-06T09:04:00","date_gmt":"2025-03-06T15:04:00","guid":{"rendered":"http:\/\/www.radiodigitaltamazunchale.com\/landing\/?p=58521"},"modified":"2025-03-07T09:06:03","modified_gmt":"2025-03-07T15:06:03","slug":"el-estado-reconoce-trayectoria-del-personal-de-la-defensoria-publica","status":"publish","type":"post","link":"http:\/\/www.radiodigitaltamazunchale.com\/landing\/uncategorized\/el-estado-reconoce-trayectoria-del-personal-de-la-defensoria-publica\/","title":{"rendered":"EL ESTADO RECONOCE TRAYECTORIA DEL PERSONAL DE LA DEFENSOR\u00cdA P\u00daBLICA"},"content":{"rendered":"\n<p>Al conmemorar el D\u00eda Nacional de las Personas Defensoras P\u00fablicas, el Gobierno del Estado, entreg\u00f3 reconocimientos de antig\u00fcedad, trayectoria y desempe\u00f1o al personal de la Defensor\u00eda P\u00fablica del Estado y realiz\u00f3 la conferencia \u00abTemas selectos sobre el ofrecimiento y desahogo de la prueba\u00bb, a cargo de Eloy Morales Brand.<\/p>\n\n\n\n<p>Con la representaci\u00f3n del Gobernador Ricardo Gallardo Cardona, el subsecretario de Derechos Humanos y Asuntos Jur\u00eddicos de la Secretar\u00eda General de Gobierno, \u00c1ngel Gonzalo Santiago Hern\u00e1ndez, encabez\u00f3 la ceremonia, donde reconoci\u00f3 la labor de las y los defensores p\u00fablicos como una figura que promueven la defensa de los derechos humanos y la justicia, al refrendar el compromiso de fortalecer a las instituciones del Estado para acercar m\u00e1s apoyo a las y los potosinos.<\/p>\n\n\n\n<p>A\u00f1adi\u00f3 que las y los defensores p\u00fablicos del Estado realizan una gran labor y contribuyen a realzar la justicia y legalidad a favor de la sociedad como garantes de los principios de la impartici\u00f3n de la justicia pronta y expedita, por lo que debe reconocerse la honestidad y profesionalismo con que se conducen en el desempe\u00f1o de su labor.<\/p>\n","protected":false},"excerpt":{"rendered":"<p>Al conmemorar el D\u00eda Nacional de las Personas Defensoras P\u00fablicas, el Gobierno del Estado, entreg\u00f3 reconocimientos de antig\u00fcedad, trayectoria y<\/p>\n","protected":false},"author":1,"featured_media":58522,"comment_status":"open","ping_status":"open","sticky":false,"template":"","format":"standard","meta":[],"categories":[1],"tags":[],"_links":{"self":[{"href":"http:\/\/www.radiodigitaltamazunchale.com\/landing\/wp-json\/wp\/v2\/posts\/58521"}],"collection":[{"href":"http:\/\/www.radiodigitaltamazunchale.com\/landing\/wp-json\/wp\/v2\/posts"}],"about":[{"href":"http:\/\/www.radiodigitaltamazunchale.com\/landing\/wp-json\/wp\/v2\/types\/post"}],"author":[{"embeddable":true,"href":"http:\/\/www.radiodigitaltamazunchale.com\/landing\/wp-json\/wp\/v2\/users\/1"}],"replies":[{"embeddable":true,"href":"http:\/\/www.radiodigitaltamazunchale.com\/landing\/wp-json\/wp\/v2\/comments?post=58521"}],"version-history":[{"count":1,"href":"http:\/\/www.radiodigitaltamazunchale.com\/landing\/wp-json\/wp\/v2\/posts\/58521\/revisions"}],"predecessor-version":[{"id":58523,"href":"http:\/\/www.radiodigitaltamazunchale.com\/landing\/wp-json\/wp\/v2\/posts\/58521\/revisions\/58523"}],"wp:featuredmedia":[{"embeddable":true,"href":"http:\/\/www.radiodigitaltamazunchale.com\/landing\/wp-json\/wp\/v2\/media\/58522"}],"wp:attachment":[{"href":"http:\/\/www.radiodigitaltamazunchale.com\/landing\/wp-json\/wp\/v2\/media?parent=58521"}],"wp:term":[{"taxonomy":"category","embeddable":true,"href":"http:\/\/www.radiodigitaltamazunchale.com\/landing\/wp-json\/wp\/v2\/categories?post=58521"},{"taxonomy":"post_tag","embeddable":true,"href":"http:\/\/www.radiodigitaltamazunchale.com\/landing\/wp-json\/wp\/v2\/tags?post=58521"}],"curies":[{"name":"wp","href":"https:\/\/api.w.org\/{rel}","templated":true}]}}