{"id":58530,"date":"2025-03-07T09:45:00","date_gmt":"2025-03-07T15:45:00","guid":{"rendered":"http:\/\/www.radiodigitaltamazunchale.com\/landing\/?p=58530"},"modified":"2025-03-08T09:46:24","modified_gmt":"2025-03-08T15:46:24","slug":"ricardo-gallardo-toma-protesta-a-la-comision-metropolitana-de-desarrollo-urbano","status":"publish","type":"post","link":"http:\/\/www.radiodigitaltamazunchale.com\/landing\/uncategorized\/ricardo-gallardo-toma-protesta-a-la-comision-metropolitana-de-desarrollo-urbano\/","title":{"rendered":"RICARDO GALLARDO TOMA PROTESTA A LA COMISI\u00d3N METROPOLITANA DE DESARROLLO URBANO"},"content":{"rendered":"\n<p>Al tomar la protesta a las y los nuevos integrantes de la Comisi\u00f3n Metropolitana y de Conurbaci\u00f3n de Desarrollo Urbano de San Luis Potos\u00ed, el Gobernador Ricardo Gallardo Cardona asever\u00f3 que, con la inclusi\u00f3n del municipio de Villa de Pozos, se da respuesta a las necesidades de desarrollo social, largamente esperado por sus habitantes, para que alcancen mejores condiciones de vida y mayor bienestar.<\/p>\n\n\n\n<p>Durante la Primera Sesi\u00f3n de la Comisi\u00f3n del presente a\u00f1o, el Mandatario Estatal hizo un llamado a trabajar para dar soluci\u00f3n a los principales problemas a causa del olvido de la herencia maldita, y en el cumplimiento a los derechos y el apoyo que necesitan las y los habitantes de las ciudades, a trav\u00e9s de los programas de conurbaci\u00f3n y desarrollo metropolitano.<\/p>\n\n\n\n<p>Gallardo Cardona dijo que este a\u00f1o 2025, existe el compromiso para que las familias potosinas sientan una mejora en la calidad de vida, con obras prioritarias en infraestructura, salud y educaci\u00f3n para lo cual habr\u00e1 una inversi\u00f3n millonaria estimada en dos mil millones de pesos, durante los pr\u00f3ximos tres a\u00f1os, que acercar\u00e1n el desarrollo y m\u00e1s apoyo a las familias potosinas.<\/p>\n\n\n\n<p>En la reuni\u00f3n, fueron integrados a la Comisi\u00f3n, las y los alcaldes de Cerro de San Pedro, Soledad de Graciano S\u00e1nchez, Mexquitic de Carmona, Villa de Reyes y Zaragoza, quienes apenas inician su trienio, para que participen en el Programa Metropolitano, con la detecci\u00f3n de necesidades y su posible soluci\u00f3n, a favor de las familias y su calidad de vida; adem\u00e1s realizaron la votaci\u00f3n y aprobaci\u00f3n de la inclusi\u00f3n de Villa de Pozos, para que participe en el instrumento de planeaci\u00f3n urbana.<\/p>\n","protected":false},"excerpt":{"rendered":"<p>Al tomar la protesta a las y los nuevos integrantes de la Comisi\u00f3n Metropolitana y de Conurbaci\u00f3n de Desarrollo Urbano<\/p>\n","protected":false},"author":1,"featured_media":58531,"comment_status":"open","ping_status":"open","sticky":false,"template":"","format":"standard","meta":[],"categories":[1],"tags":[],"_links":{"self":[{"href":"http:\/\/www.radiodigitaltamazunchale.com\/landing\/wp-json\/wp\/v2\/posts\/58530"}],"collection":[{"href":"http:\/\/www.radiodigitaltamazunchale.com\/landing\/wp-json\/wp\/v2\/posts"}],"about":[{"href":"http:\/\/www.radiodigitaltamazunchale.com\/landing\/wp-json\/wp\/v2\/types\/post"}],"author":[{"embeddable":true,"href":"http:\/\/www.radiodigitaltamazunchale.com\/landing\/wp-json\/wp\/v2\/users\/1"}],"replies":[{"embeddable":true,"href":"http:\/\/www.radiodigitaltamazunchale.com\/landing\/wp-json\/wp\/v2\/comments?post=58530"}],"version-history":[{"count":1,"href":"http:\/\/www.radiodigitaltamazunchale.com\/landing\/wp-json\/wp\/v2\/posts\/58530\/revisions"}],"predecessor-version":[{"id":58532,"href":"http:\/\/www.radiodigitaltamazunchale.com\/landing\/wp-json\/wp\/v2\/posts\/58530\/revisions\/58532"}],"wp:featuredmedia":[{"embeddable":true,"href":"http:\/\/www.radiodigitaltamazunchale.com\/landing\/wp-json\/wp\/v2\/media\/58531"}],"wp:attachment":[{"href":"http:\/\/www.radiodigitaltamazunchale.com\/landing\/wp-json\/wp\/v2\/media?parent=58530"}],"wp:term":[{"taxonomy":"category","embeddable":true,"href":"http:\/\/www.radiodigitaltamazunchale.com\/landing\/wp-json\/wp\/v2\/categories?post=58530"},{"taxonomy":"post_tag","embeddable":true,"href":"http:\/\/www.radiodigitaltamazunchale.com\/landing\/wp-json\/wp\/v2\/tags?post=58530"}],"curies":[{"name":"wp","href":"https:\/\/api.w.org\/{rel}","templated":true}]}}