{"id":58533,"date":"2025-03-07T09:50:00","date_gmt":"2025-03-07T15:50:00","guid":{"rendered":"http:\/\/www.radiodigitaltamazunchale.com\/landing\/?p=58533"},"modified":"2025-03-08T09:51:14","modified_gmt":"2025-03-08T15:51:14","slug":"el-estado-realiza-jornadas-de-capacitacion-para-municipios","status":"publish","type":"post","link":"http:\/\/www.radiodigitaltamazunchale.com\/landing\/uncategorized\/el-estado-realiza-jornadas-de-capacitacion-para-municipios\/","title":{"rendered":"EL ESTADO REALIZA JORNADAS DE CAPACITACI\u00d3N PARA MUNICIPIOS"},"content":{"rendered":"\n<p>Para acercar m\u00e1s apoyo a las familias de las cuatro regiones, a trav\u00e9s de la profesionalizaci\u00f3n de los gobiernos municipales, en Ciudad Valles, la Coordinaci\u00f3n Estatal para el Fortalecimiento Institucional de los Municipios (CEFIM), y la Contralor\u00eda General del Estado (CGE), capacitaron a m\u00e1s de 210 servidores p\u00fablicos de 31 ayuntamientos de las regiones Media y Huasteca en diversos temas de control interno, entre ellos el de la licitaci\u00f3n p\u00fablica.<\/p>\n\n\n\n<p>Por instrucci\u00f3n del Gobernador Ricardo Gallardo Cardona, las dependencias brindan estas capacitaciones en las que las y los participantes aprenden y conocen c\u00f3mo realizar una contrataci\u00f3n p\u00fablica de forma eficiente, las normativas legales vigentes, el proceso de transparencia en la contrataci\u00f3n y la fiscalizaci\u00f3n del recurso p\u00fablico, para asegurar la correcta ejecuci\u00f3n de cada obra, servicio o programa, inform\u00f3 el coordinador de la CEFIM, Julio C\u00e9sar Pati\u00f1o Morales.&nbsp;<\/p>\n\n\n\n<p>Por su parte el titular de la CGE, Sergio Arturo Agui\u00f1aga Mu\u00f1iz, record\u00f3 que el tema de las licitaciones p\u00fablicas es uno de los tantos rubros que se revisan y observan en las auditor\u00edas anuales de las cuentas p\u00fablicas, de ah\u00ed la importancia de que los municipios conozcan los m\u00e9todos para realizar estos procesos de forma adecuada y evitar observaciones que, en muchos de los casos, son por irregularidades detectadas al no apegarse a los lineamientos.<\/p>\n\n\n\n<p>La tercera fase de las jornadas estatales con la Contralor\u00eda del Estado, continuar\u00e1 con una capacitaci\u00f3n virtual el pr\u00f3ximo mi\u00e9rcoles 12 de marzo, posteriormente el d\u00eda viernes 28 de marzo se tendr\u00e1 como sede el municipio de Villa de Pozos, para concluir las jornadas regionales el d\u00eda viernes 4 de abril en el municipio de Tamazunchale.<\/p>\n","protected":false},"excerpt":{"rendered":"<p>Para acercar m\u00e1s apoyo a las familias de las cuatro regiones, a trav\u00e9s de la profesionalizaci\u00f3n de los gobiernos municipales,<\/p>\n","protected":false},"author":1,"featured_media":58534,"comment_status":"open","ping_status":"open","sticky":false,"template":"","format":"standard","meta":[],"categories":[1],"tags":[],"_links":{"self":[{"href":"http:\/\/www.radiodigitaltamazunchale.com\/landing\/wp-json\/wp\/v2\/posts\/58533"}],"collection":[{"href":"http:\/\/www.radiodigitaltamazunchale.com\/landing\/wp-json\/wp\/v2\/posts"}],"about":[{"href":"http:\/\/www.radiodigitaltamazunchale.com\/landing\/wp-json\/wp\/v2\/types\/post"}],"author":[{"embeddable":true,"href":"http:\/\/www.radiodigitaltamazunchale.com\/landing\/wp-json\/wp\/v2\/users\/1"}],"replies":[{"embeddable":true,"href":"http:\/\/www.radiodigitaltamazunchale.com\/landing\/wp-json\/wp\/v2\/comments?post=58533"}],"version-history":[{"count":1,"href":"http:\/\/www.radiodigitaltamazunchale.com\/landing\/wp-json\/wp\/v2\/posts\/58533\/revisions"}],"predecessor-version":[{"id":58535,"href":"http:\/\/www.radiodigitaltamazunchale.com\/landing\/wp-json\/wp\/v2\/posts\/58533\/revisions\/58535"}],"wp:featuredmedia":[{"embeddable":true,"href":"http:\/\/www.radiodigitaltamazunchale.com\/landing\/wp-json\/wp\/v2\/media\/58534"}],"wp:attachment":[{"href":"http:\/\/www.radiodigitaltamazunchale.com\/landing\/wp-json\/wp\/v2\/media?parent=58533"}],"wp:term":[{"taxonomy":"category","embeddable":true,"href":"http:\/\/www.radiodigitaltamazunchale.com\/landing\/wp-json\/wp\/v2\/categories?post=58533"},{"taxonomy":"post_tag","embeddable":true,"href":"http:\/\/www.radiodigitaltamazunchale.com\/landing\/wp-json\/wp\/v2\/tags?post=58533"}],"curies":[{"name":"wp","href":"https:\/\/api.w.org\/{rel}","templated":true}]}}