{"id":58554,"date":"2025-03-08T12:58:00","date_gmt":"2025-03-08T18:58:00","guid":{"rendered":"http:\/\/www.radiodigitaltamazunchale.com\/landing\/?p=58554"},"modified":"2025-03-10T12:59:37","modified_gmt":"2025-03-10T18:59:37","slug":"el-estado-fortalece-la-alianza-con-empresarios-para-impulsar-el-desarrollo-economico","status":"publish","type":"post","link":"http:\/\/www.radiodigitaltamazunchale.com\/landing\/uncategorized\/el-estado-fortalece-la-alianza-con-empresarios-para-impulsar-el-desarrollo-economico\/","title":{"rendered":"EL ESTADO FORTALECE LA ALIANZA CON EMPRESARIOS PARA IMPULSAR EL DESARROLLO ECON\u00d3MICO"},"content":{"rendered":"\n<p>En el marco de la toma de protesta del Consejo Directivo 2025 de Industriales Potosinos AC, la Secretar\u00eda de Desarrollo Econ\u00f3mico (Sedeco), reafirm\u00f3 el compromiso de la administraci\u00f3n estatal encabezada por el Gobernador Ricardo Gallardo Cardona con el impulso a la industria, la generaci\u00f3n de empleos y la atracci\u00f3n de inversiones, como un aliado clave en la consolidaci\u00f3n de un San Luis Potos\u00ed m\u00e1s pr\u00f3spero e innovador.El titular de Sedeco, Jes\u00fas Salvador Gonz\u00e1lez Mart\u00ednez, quien acudi\u00f3 a la toma de protesta en representaci\u00f3n del Mandatario Estatal, reconoci\u00f3 el trabajo fundamental de la organizaci\u00f3n en el desarrollo econ\u00f3mico del Estado, con lo que se brinda m\u00e1s apoyo a las familias con mejores oportunidades laborales.\u00bbIndustriales Potosinos AC es m\u00e1s que una asociaci\u00f3n empresarial; es un pilar del crecimiento econ\u00f3mico y un referente en la articulaci\u00f3n de esfuerzos entre el sector privado y el gobierno\u00bb, expres\u00f3 Gonz\u00e1lez Mart\u00ednez.Desde el inicio de la actual administraci\u00f3n, el Gobierno del Estado mantiene un firme compromiso con el desarrollo industrial, asegurando que la sinergia entre el sector p\u00fablico y privado ser\u00e1 fundamental para seguir impulsando el desarrollo econ\u00f3mico y social de la entidad.<\/p>\n","protected":false},"excerpt":{"rendered":"<p>En el marco de la toma de protesta del Consejo Directivo 2025 de Industriales Potosinos AC, la Secretar\u00eda de Desarrollo<\/p>\n","protected":false},"author":1,"featured_media":58555,"comment_status":"open","ping_status":"open","sticky":false,"template":"","format":"standard","meta":[],"categories":[1],"tags":[],"_links":{"self":[{"href":"http:\/\/www.radiodigitaltamazunchale.com\/landing\/wp-json\/wp\/v2\/posts\/58554"}],"collection":[{"href":"http:\/\/www.radiodigitaltamazunchale.com\/landing\/wp-json\/wp\/v2\/posts"}],"about":[{"href":"http:\/\/www.radiodigitaltamazunchale.com\/landing\/wp-json\/wp\/v2\/types\/post"}],"author":[{"embeddable":true,"href":"http:\/\/www.radiodigitaltamazunchale.com\/landing\/wp-json\/wp\/v2\/users\/1"}],"replies":[{"embeddable":true,"href":"http:\/\/www.radiodigitaltamazunchale.com\/landing\/wp-json\/wp\/v2\/comments?post=58554"}],"version-history":[{"count":1,"href":"http:\/\/www.radiodigitaltamazunchale.com\/landing\/wp-json\/wp\/v2\/posts\/58554\/revisions"}],"predecessor-version":[{"id":58556,"href":"http:\/\/www.radiodigitaltamazunchale.com\/landing\/wp-json\/wp\/v2\/posts\/58554\/revisions\/58556"}],"wp:featuredmedia":[{"embeddable":true,"href":"http:\/\/www.radiodigitaltamazunchale.com\/landing\/wp-json\/wp\/v2\/media\/58555"}],"wp:attachment":[{"href":"http:\/\/www.radiodigitaltamazunchale.com\/landing\/wp-json\/wp\/v2\/media?parent=58554"}],"wp:term":[{"taxonomy":"category","embeddable":true,"href":"http:\/\/www.radiodigitaltamazunchale.com\/landing\/wp-json\/wp\/v2\/categories?post=58554"},{"taxonomy":"post_tag","embeddable":true,"href":"http:\/\/www.radiodigitaltamazunchale.com\/landing\/wp-json\/wp\/v2\/tags?post=58554"}],"curies":[{"name":"wp","href":"https:\/\/api.w.org\/{rel}","templated":true}]}}