{"id":58560,"date":"2025-03-09T13:03:00","date_gmt":"2025-03-09T19:03:00","guid":{"rendered":"http:\/\/www.radiodigitaltamazunchale.com\/landing\/?p=58560"},"modified":"2025-03-10T13:05:10","modified_gmt":"2025-03-10T19:05:10","slug":"gobierno-del-estado-valida-proyectos-de-seguridad-ante-la-federacion","status":"publish","type":"post","link":"http:\/\/www.radiodigitaltamazunchale.com\/landing\/uncategorized\/gobierno-del-estado-valida-proyectos-de-seguridad-ante-la-federacion\/","title":{"rendered":"GOBIERNO DEL ESTADO VALIDA PROYECTOS DE SEGURIDAD ANTE LA FEDERACI\u00d3N"},"content":{"rendered":"\n<p>El Secretariado Ejecutivo del Consejo Estatal de Seguridad P\u00fablica (SECESP), particip\u00f3 en la reuni\u00f3n de concertaci\u00f3n del Fondo de Aportaciones para la Seguridad P\u00fablica de los Estados (FASP) y Fondo para el Fortalecimiento de las Instituciones de Seguridad P\u00fablica (Fofisp) del ejercicio fiscal 2025 validando proyectos que ser\u00e1n destinados a la profesionalizaci\u00f3n de los cuerpos de seguridad p\u00fablica y modernizaci\u00f3n del equipo tecnol\u00f3gico.En seguimiento a la instrucci\u00f3n del Gobernador Ricardo Gallardo Cardona de brindar paz y tranquilidad a las familias potosinas, durante la reuni\u00f3n en la Ciudad de M\u00e9xico, la titular del SECESP, Nohem\u00ed Proal Huerta, plante\u00f3 a la secretaria Ejecutiva del Sistema Nacional de Seguridad P\u00fablica, Marcela Figueroa Franco, los rubros en los que invertir\u00e1n los recursos de ambos fondos garantizar m\u00e1s apoyo en seguridad y en infraestructura en la materia.Dentro de estos proyectos se encuentra la instalaci\u00f3n de puntos de monitoreo inteligente, software de an\u00e1lisis de datos, capacitaci\u00f3n de elementos de seguridad y arcos carreteros lo que permitir\u00e1 que los municipios de las cuatro regiones sigan estando preparados para el combate a la delincuencia.<a href=\"https:\/\/www.facebook.com\/photo\/?fbid=1136406311830533&amp;set=pcb.1136406441830520&amp;__cft__[0]=AZXEoiJ2jSlh5aXH4Cyri7ZPI-_af9kJe7fgJWAPT3aiH_zh9cWcBRy6XVUzquphIlByigsnh594y812iPsk7-QcsTWCnru0sxojek320Wt0EDk8Ip_eVeByOGV0O_9yBM3nTLCjeNuK567pZBsT8CdrC3J4MyEAHm23IFoc4ShXX8v9zKsoT6juFbfxQxWzqHs&amp;__tn__=*bH-R\"><\/a><a href=\"https:\/\/www.facebook.com\/photo\/?fbid=1136406385163859&amp;set=pcb.1136406441830520&amp;__cft__[0]=AZXEoiJ2jSlh5aXH4Cyri7ZPI-_af9kJe7fgJWAPT3aiH_zh9cWcBRy6XVUzquphIlByigsnh594y812iPsk7-QcsTWCnru0sxojek320Wt0EDk8Ip_eVeByOGV0O_9yBM3nTLCjeNuK567pZBsT8CdrC3J4MyEAHm23IFoc4ShXX8v9zKsoT6juFbfxQxWzqHs&amp;__tn__=*bH-R\"><\/a><\/p>\n\n\n\n<p><\/p>\n","protected":false},"excerpt":{"rendered":"<p>El Secretariado Ejecutivo del Consejo Estatal de Seguridad P\u00fablica (SECESP), particip\u00f3 en la reuni\u00f3n de concertaci\u00f3n del Fondo de Aportaciones<\/p>\n","protected":false},"author":1,"featured_media":58561,"comment_status":"open","ping_status":"open","sticky":false,"template":"","format":"standard","meta":[],"categories":[1],"tags":[],"_links":{"self":[{"href":"http:\/\/www.radiodigitaltamazunchale.com\/landing\/wp-json\/wp\/v2\/posts\/58560"}],"collection":[{"href":"http:\/\/www.radiodigitaltamazunchale.com\/landing\/wp-json\/wp\/v2\/posts"}],"about":[{"href":"http:\/\/www.radiodigitaltamazunchale.com\/landing\/wp-json\/wp\/v2\/types\/post"}],"author":[{"embeddable":true,"href":"http:\/\/www.radiodigitaltamazunchale.com\/landing\/wp-json\/wp\/v2\/users\/1"}],"replies":[{"embeddable":true,"href":"http:\/\/www.radiodigitaltamazunchale.com\/landing\/wp-json\/wp\/v2\/comments?post=58560"}],"version-history":[{"count":1,"href":"http:\/\/www.radiodigitaltamazunchale.com\/landing\/wp-json\/wp\/v2\/posts\/58560\/revisions"}],"predecessor-version":[{"id":58562,"href":"http:\/\/www.radiodigitaltamazunchale.com\/landing\/wp-json\/wp\/v2\/posts\/58560\/revisions\/58562"}],"wp:featuredmedia":[{"embeddable":true,"href":"http:\/\/www.radiodigitaltamazunchale.com\/landing\/wp-json\/wp\/v2\/media\/58561"}],"wp:attachment":[{"href":"http:\/\/www.radiodigitaltamazunchale.com\/landing\/wp-json\/wp\/v2\/media?parent=58560"}],"wp:term":[{"taxonomy":"category","embeddable":true,"href":"http:\/\/www.radiodigitaltamazunchale.com\/landing\/wp-json\/wp\/v2\/categories?post=58560"},{"taxonomy":"post_tag","embeddable":true,"href":"http:\/\/www.radiodigitaltamazunchale.com\/landing\/wp-json\/wp\/v2\/tags?post=58560"}],"curies":[{"name":"wp","href":"https:\/\/api.w.org\/{rel}","templated":true}]}}