{"id":58582,"date":"2025-03-11T09:06:00","date_gmt":"2025-03-11T15:06:00","guid":{"rendered":"http:\/\/www.radiodigitaltamazunchale.com\/landing\/?p=58582"},"modified":"2025-03-12T09:07:10","modified_gmt":"2025-03-12T15:07:10","slug":"ejecutivo-estatal-arranca-formacion-para-combate-de-incendios-forestales","status":"publish","type":"post","link":"http:\/\/www.radiodigitaltamazunchale.com\/landing\/uncategorized\/ejecutivo-estatal-arranca-formacion-para-combate-de-incendios-forestales\/","title":{"rendered":"EJECUTIVO ESTATAL ARRANCA FORMACI\u00d3N PARA COMBATE DE INCENDIOS FORESTALES"},"content":{"rendered":"\n<p>El Gobierno del Estado, a trav\u00e9s de la Secretar\u00eda de Ecolog\u00eda y Gesti\u00f3n Ambiental (Segam), inici\u00f3 el curso b\u00e1sico para combatientes de incendios forestales, impartido a 45 personas de los municipios de Guadalc\u00e1zar, Villa de Reyes, Soledad de Graciano S\u00e1nchez, Zaragoza, Santa Mar\u00eda del R\u00edo y Tierra Nueva, as\u00ed como a personal de bomberos y Protecci\u00f3n Civil y de la misma dependencia.<\/p>\n\n\n\n<p>En colaboraci\u00f3n con la Comisi\u00f3n Nacional Forestal (Conafor) y la Coordinaci\u00f3n Estatal de Protecci\u00f3n Civil (CEPC), la capacitaci\u00f3n fortalece al personal para la prevenci\u00f3n y combate de incendios forestales en la entidad, tal como lo ha instruido el Gobernador del Estado, Ricardo Gallardo Cardona, destac\u00f3 la titular de la Segam, Sonia Mendoza D\u00edaz, tras agradecer el compromiso de las autoridades municipales para capacitar a su personal y llevar m\u00e1s apoyo a la ciudadan\u00eda.<\/p>\n\n\n\n<p>Por su parte, Mauricio Ordaz Flores, titular de la CEPC, resalt\u00f3 que el curso, con una duraci\u00f3n de tres d\u00edas, busca proporcionar conocimientos y habilidades esenciales para enfrentar y controlar incendios forestales de manera efectiva y segura y destac\u00f3 la relevancia ante el incremento de siniestros en diversas regiones del Estado.<\/p>\n\n\n\n<p>Finalmente, Teodoro Morales Organista representante de la Conafor en San Luis Potos\u00ed, reconoci\u00f3 la coordinaci\u00f3n con el Gobierno del Estado y resalt\u00f3 la importancia de preparar a las y los combatientes para hacer frente a los incendios que ya se est\u00e1n presentando en diferentes partes del territorio potosino.<\/p>\n","protected":false},"excerpt":{"rendered":"<p>El Gobierno del Estado, a trav\u00e9s de la Secretar\u00eda de Ecolog\u00eda y Gesti\u00f3n Ambiental (Segam), inici\u00f3 el curso b\u00e1sico para<\/p>\n","protected":false},"author":1,"featured_media":58583,"comment_status":"open","ping_status":"open","sticky":false,"template":"","format":"standard","meta":[],"categories":[1],"tags":[],"_links":{"self":[{"href":"http:\/\/www.radiodigitaltamazunchale.com\/landing\/wp-json\/wp\/v2\/posts\/58582"}],"collection":[{"href":"http:\/\/www.radiodigitaltamazunchale.com\/landing\/wp-json\/wp\/v2\/posts"}],"about":[{"href":"http:\/\/www.radiodigitaltamazunchale.com\/landing\/wp-json\/wp\/v2\/types\/post"}],"author":[{"embeddable":true,"href":"http:\/\/www.radiodigitaltamazunchale.com\/landing\/wp-json\/wp\/v2\/users\/1"}],"replies":[{"embeddable":true,"href":"http:\/\/www.radiodigitaltamazunchale.com\/landing\/wp-json\/wp\/v2\/comments?post=58582"}],"version-history":[{"count":1,"href":"http:\/\/www.radiodigitaltamazunchale.com\/landing\/wp-json\/wp\/v2\/posts\/58582\/revisions"}],"predecessor-version":[{"id":58584,"href":"http:\/\/www.radiodigitaltamazunchale.com\/landing\/wp-json\/wp\/v2\/posts\/58582\/revisions\/58584"}],"wp:featuredmedia":[{"embeddable":true,"href":"http:\/\/www.radiodigitaltamazunchale.com\/landing\/wp-json\/wp\/v2\/media\/58583"}],"wp:attachment":[{"href":"http:\/\/www.radiodigitaltamazunchale.com\/landing\/wp-json\/wp\/v2\/media?parent=58582"}],"wp:term":[{"taxonomy":"category","embeddable":true,"href":"http:\/\/www.radiodigitaltamazunchale.com\/landing\/wp-json\/wp\/v2\/categories?post=58582"},{"taxonomy":"post_tag","embeddable":true,"href":"http:\/\/www.radiodigitaltamazunchale.com\/landing\/wp-json\/wp\/v2\/tags?post=58582"}],"curies":[{"name":"wp","href":"https:\/\/api.w.org\/{rel}","templated":true}]}}