{"id":58588,"date":"2025-03-11T09:27:00","date_gmt":"2025-03-11T15:27:00","guid":{"rendered":"http:\/\/www.radiodigitaltamazunchale.com\/landing\/?p=58588"},"modified":"2025-03-12T09:28:55","modified_gmt":"2025-03-12T15:28:55","slug":"inauguracion-del-festival-estatal-de-valores-artisticos-y-culturales-del-sector-educativo-2025","status":"publish","type":"post","link":"http:\/\/www.radiodigitaltamazunchale.com\/landing\/uncategorized\/inauguracion-del-festival-estatal-de-valores-artisticos-y-culturales-del-sector-educativo-2025\/","title":{"rendered":"INAUGURACI\u00d3N DEL FESTIVAL ESTATAL DE VALORES ART\u00cdSTICOS Y CULTURALES DEL SECTOR EDUCATIVO 2025"},"content":{"rendered":"\n<p>La ma\u00f1ana de este martes, en representaci\u00f3n del Presidente Municipal David Armando Medina Salazar, el Secretario General del Ayuntamiento, Luis \u00c1ngel Contreras Malibr\u00e1n, acudi\u00f3 a la ceremonia de apertura del Festival Estatal de Valores Art\u00edsticos y Culturales del Sector Educativo 2025.<\/p>\n\n\n\n<p>Esto cont\u00f3 con la participaci\u00f3n de alumnos de Escuelas Secundarias Generales, Telesecundarias y Secundarias T\u00e9cnicas.<\/p>\n\n\n\n<p><a href=\"https:\/\/www.facebook.com\/hashtag\/sigamosconstruyendo?__eep__=6&amp;__cft__[0]=AZXmhDzrwox4mlTjZcz0tsqPRcR9HJLpX0RcVvG_T6-FYXC-TlwIUbopYqdOhEURvPVq0jHpvaBlSDj6ipCYMMX3jes0qBZirHwSk2AgLlBFgNhFOuITBi5pzia6Jh1CJ2didqzi-itA3pHaSZrN0kPdpfa9pb0sZOCFaJWcJ8GaIsARO_rKZpGO7HMHXa8KesM&amp;__tn__=*NK-R\">#SigamosConstruyendo<\/a><\/p>\n","protected":false},"excerpt":{"rendered":"<p>La ma\u00f1ana de este martes, en representaci\u00f3n del Presidente Municipal David Armando Medina Salazar, el Secretario General del Ayuntamiento, Luis<\/p>\n","protected":false},"author":1,"featured_media":58589,"comment_status":"open","ping_status":"open","sticky":false,"template":"","format":"standard","meta":[],"categories":[1],"tags":[],"_links":{"self":[{"href":"http:\/\/www.radiodigitaltamazunchale.com\/landing\/wp-json\/wp\/v2\/posts\/58588"}],"collection":[{"href":"http:\/\/www.radiodigitaltamazunchale.com\/landing\/wp-json\/wp\/v2\/posts"}],"about":[{"href":"http:\/\/www.radiodigitaltamazunchale.com\/landing\/wp-json\/wp\/v2\/types\/post"}],"author":[{"embeddable":true,"href":"http:\/\/www.radiodigitaltamazunchale.com\/landing\/wp-json\/wp\/v2\/users\/1"}],"replies":[{"embeddable":true,"href":"http:\/\/www.radiodigitaltamazunchale.com\/landing\/wp-json\/wp\/v2\/comments?post=58588"}],"version-history":[{"count":1,"href":"http:\/\/www.radiodigitaltamazunchale.com\/landing\/wp-json\/wp\/v2\/posts\/58588\/revisions"}],"predecessor-version":[{"id":58590,"href":"http:\/\/www.radiodigitaltamazunchale.com\/landing\/wp-json\/wp\/v2\/posts\/58588\/revisions\/58590"}],"wp:featuredmedia":[{"embeddable":true,"href":"http:\/\/www.radiodigitaltamazunchale.com\/landing\/wp-json\/wp\/v2\/media\/58589"}],"wp:attachment":[{"href":"http:\/\/www.radiodigitaltamazunchale.com\/landing\/wp-json\/wp\/v2\/media?parent=58588"}],"wp:term":[{"taxonomy":"category","embeddable":true,"href":"http:\/\/www.radiodigitaltamazunchale.com\/landing\/wp-json\/wp\/v2\/categories?post=58588"},{"taxonomy":"post_tag","embeddable":true,"href":"http:\/\/www.radiodigitaltamazunchale.com\/landing\/wp-json\/wp\/v2\/tags?post=58588"}],"curies":[{"name":"wp","href":"https:\/\/api.w.org\/{rel}","templated":true}]}}